{"id":29504,"date":"2024-07-15T11:13:40","date_gmt":"2024-07-15T11:13:40","guid":{"rendered":"https:\/\/additioapp.com\/como-potenciar-el-aprendizaje-significativo-en-el-aula\/"},"modified":"2024-07-15T11:50:51","modified_gmt":"2024-07-15T11:50:51","slug":"como-potenciar-el-aprendizaje-significativo-en-el-aula","status":"publish","type":"post","link":"https:\/\/additioapp.com\/fr\/como-potenciar-el-aprendizaje-significativo-en-el-aula\/","title":{"rendered":"Comment renforcer l&rsquo;apprentissage significatif en classe ?"},"content":{"rendered":"\n<p>Parler d&rsquo;\u00e9ducation implique \u00e9galement de parler d&rsquo;apprentissage, le processus par lequel nos \u00e9l\u00e8ves acqui\u00e8rent des connaissances et des comp\u00e9tences. <strong>Lorsque nous parlons d&rsquo;apprentissage, nous ne faisons pas r\u00e9f\u00e9rence \u00e0 une seule mani\u00e8re d&rsquo;apprendre, car il existe de nombreuses formes \u00e0 prendre en compte, chacune avec ses caract\u00e9ristiques. <\/strong>Dans le post d\u2019aujourd\u2019hui, nous aborderons l&rsquo;apprentissage significatif, en examinant ses caract\u00e9ristiques et des strat\u00e9gies pour le renforcer en classe.<\/p>\n\n\n\n<p>De plus, ce n\u2019est pas la premi\u00e8re fois que nous parlons d\u2019apprentissage sur notre blog! Nous avons d\u00e9j\u00e0 trait\u00e9 de l&rsquo;apprentissage implicite et explicite, de l&rsquo;apprentissage coop\u00e9ratif ou de l&rsquo;apprentissage par d\u00e9couverte, entre autres. Nous vous encourageons \u00e0 y jeter un \u0153il. \ud83d\ude09<\/p>\n\n\n\n<div style=\"height:20px\" aria-hidden=\"true\" class=\"wp-block-spacer\"><\/div>\n\n\n\n<figure class=\"wp-block-image\"><img decoding=\"async\" src=\"https:\/\/lh7-us.googleusercontent.com\/docsz\/AD_4nXco4G-Y3eWy6FfTWCqL14J98KD1OfACVnkMKQcCiF6Sp5EkvoHoqkzlZNXTVXpD520i2MKDIFJhSwapLvRwrXApWhIS7kgeiU-_YxfjmJTgrQbhH-zTy4evk-x3Ox3x0Mjvmu6sMCjK7HvEHi_6wSgw5YDq?key=OD3ZP8CWv7lbNhxL0MHhIQ\" alt=\"\"\/><\/figure>\n\n\n\n<div style=\"height:70px\" aria-hidden=\"true\" class=\"wp-block-spacer\"><\/div>\n\n\n\n<h2 class=\"wp-block-heading\">L&rsquo;apprentissage : un aspect essentiel pour vos \u00e9l\u00e8ves<\/h2>\n\n\n\n<div style=\"height:10px\" aria-hidden=\"true\" class=\"wp-block-spacer\"><\/div>\n\n\n\n<p>Comme nous l\u2019avons mentionn\u00e9 pr\u00e9c\u00e9demment, <strong>l&rsquo;apprentissage est le processus par lequel nous acqu\u00e9rons des connaissances et des comp\u00e9tences.<\/strong> Appliqu\u00e9 \u00e0 notre travail en tant qu&rsquo;enseignants, notre enseignement devient un aspect fondamental pour d\u00e9velopper l&rsquo;apprentissage de nos \u00e9l\u00e8ves. Et le syst\u00e8me \u00e9ducatif est l&rsquo;un des principaux environnements o\u00f9 ce processus d&rsquo;apprentissage a lieu.<\/p>\n\n\n\n<p>Il existe de nombreuses fa\u00e7ons d&rsquo;apprendre, c\u2019est-\u00e0-dire d&rsquo;acqu\u00e9rir ces connaissances, toutes avec leurs avantages et inconv\u00e9nients. Cependant, s\u2019il y a une chose sur laquelle de nombreux experts s\u2019accordent, c\u2019est sur <strong>l\u2019importance de d\u00e9velopper l&rsquo;apprentissage de mani\u00e8re constante tout au long de la vie. <\/strong>Cela permet aux personnes d&rsquo;acqu\u00e9rir des comp\u00e9tences qu&rsquo;elles pourront appliquer dans leur vie quotidienne, se d\u00e9veloppant ainsi personnellement et professionnellement.<\/p>\n\n\n\n<div style=\"height:20px\" aria-hidden=\"true\" class=\"wp-block-spacer\"><\/div>\n\n\n\n<figure class=\"wp-block-image\"><img decoding=\"async\" src=\"https:\/\/lh7-us.googleusercontent.com\/docsz\/AD_4nXcy1xdmi0D97fPGOPKevFm_h_K63oZ27cd7Un-3nNKGe2mnUExOZi4zESI9lOIpqHX00v85048ngSaJzE7_TynQgLInuVLHq439IGTEZYSazhgaU6IdSm-LRvXu2LFiUS2hLDv8vcJ7PqLWGbOH3ahv7Yox?key=OD3ZP8CWv7lbNhxL0MHhIQ\" alt=\"\"\/><figcaption class=\"wp-element-caption\">Image de rawpixel.com dans Freepik<\/figcaption><\/figure>\n\n\n\n<div style=\"height:70px\" aria-hidden=\"true\" class=\"wp-block-spacer\"><\/div>\n\n\n\n<p><\/p>\n\n\n\n<h2 class=\"wp-block-heading\">Qu&rsquo;est-ce que l&rsquo;apprentissage significatif ?<\/h2>\n\n\n\n<div style=\"height:10px\" aria-hidden=\"true\" class=\"wp-block-spacer\"><\/div>\n\n\n\n<p>Entrons maintenant dans le vif du sujet et voyons en quoi consiste l&rsquo;apprentissage significatif et ses principales caract\u00e9ristiques.<\/p>\n\n\n\n<p>La d\u00e9finition de l&rsquo;apprentissage significatif provient de l\u2019approche \u00e9ducative du psychologue David Ausubel, dans les ann\u00e9es 60. Selon Ausubel, <strong>il s&rsquo;agit d&rsquo;un type d&rsquo;apprentissage dans lequel l&rsquo;\u00e9l\u00e8ve associe les nouvelles connaissances \u00e0 des connaissances pr\u00e9existantes, r\u00e9ajustant ces connaissances, ce qui permet un apprentissage plus profond.<\/strong><\/p>\n\n\n\n<p>Ce type d&rsquo;apprentissage va au-del\u00e0 de la simple m\u00e9morisation, car les \u00e9tudiants sont capables de relier des informations nouvelles \u00e0 des informations d\u00e9j\u00e0 existantes, renfor\u00e7ant ainsi l&rsquo;apprentissage.<\/p>\n\n\n\n<p>Les caract\u00e9ristiques de l&rsquo;apprentissage significatif sont les suivantes :<\/p>\n\n\n\n<ul class=\"wp-block-list\">\n<li><strong>Les nouvelles connaissances sont reli\u00e9es aux connaissances pr\u00e9alables.<\/strong> Une base bien d\u00e9finie de connaissances pr\u00e9existantes permet de mieux retenir les nouvelles connaissances et de les reconstruire pour \u00e9tablir un apprentissage plus profond.<\/li>\n\n\n\n<li><strong>Meilleure compr\u00e9hension des concepts.<\/strong> En reliant diff\u00e9rentes connaissances, on passe d\u2019une simple m\u00e9morisation \u00e0 une connaissance plus approfondie, ce qui permet de mieux retenir l\u2019information \u00e0 long terme.<\/li>\n\n\n\n<li><strong>Augmentation de la motivation intrins\u00e8que.<\/strong> En construisant progressivement un apprentissage, en consolidant des connaissances de plus en plus grandes, la motivation intrins\u00e8que des \u00e9l\u00e8ves augmente. Ceux-ci ont g\u00e9n\u00e9ralement plus d&rsquo;int\u00e9r\u00eat pour l&rsquo;apprentissage et le consid\u00e8rent comme pertinent pour leur d\u00e9veloppement personnel et acad\u00e9mique.<\/li>\n<\/ul>\n\n\n\n<p>Vous voulez savoir comment renforcer l&rsquo;apprentissage significatif en classe ? Continuez \u00e0 lire, nous vous apportons quelques conseils et astuces qui vous inspireront dans votre enseignement \ud83d\ude42<\/p>\n\n\n\n<div style=\"height:20px\" aria-hidden=\"true\" class=\"wp-block-spacer\"><\/div>\n\n\n\n<figure class=\"wp-block-image\"><img decoding=\"async\" src=\"https:\/\/lh7-us.googleusercontent.com\/docsz\/AD_4nXeWCA8u_rMFcXHKDNVnfhZdTGv4msHiQWMZzH9b3C0IYPCSXYzml3akzkI74ZdZf-fiqMQN8tesB8DIiYa2pvgDKT95jwZpB8-290GSZ4zn8ZkxPOkB7NRD_MGCcoy3WhBU1Vn-XMyMVJ8cHoWe_l4nYNo?key=OD3ZP8CWv7lbNhxL0MHhIQ\" alt=\"\"\/><figcaption class=\"wp-element-caption\">Image de Freepik<\/figcaption><\/figure>\n\n\n\n<div style=\"height:70px\" aria-hidden=\"true\" class=\"wp-block-spacer\"><\/div>\n\n\n\n<h2 class=\"wp-block-heading\">Comment renforcer l&rsquo;apprentissage significatif en classe<\/h2>\n\n\n\n<div style=\"height:10px\" aria-hidden=\"true\" class=\"wp-block-spacer\"><\/div>\n\n\n\n<p>Nous avons une bonne nouvelle : il est possible de d\u00e9velopper l&rsquo;apprentissage significatif en classe, quelle que soit la mati\u00e8re et le niveau que vous enseignez. Et avec ces strat\u00e9gies et conseils que nous vous donnons ci-dessous,<strong> vous serez capable de mettre en \u0153uvre une m\u00e9thodologie d&rsquo;enseignement qui renforce les connaissances pr\u00e9alables afin de garantir que les nouvelles connaissances s&rsquo;enracinent mieux chez vos \u00e9l\u00e8ves.<\/strong><\/p>\n\n\n\n<ol class=\"wp-block-list\">\n<li><strong>Connaissez le niveau de d\u00e9part de vos \u00e9l\u00e8ves et vous r\u00e9ussirez.<\/strong> Au d\u00e9but des cours, il est important de diagnostiquer ce que savent les \u00e9l\u00e8ves et quel est leur niveau avant votre enseignement. De cette mani\u00e8re, vous pourrez adapter les contenus \u00e0 leurs connaissances et vous assurer qu&rsquo;ils disposent d&rsquo;une base de connaissances solide qui leur permette d&rsquo;acqu\u00e9rir de nouvelles connaissances facilement.<\/li>\n<\/ol>\n\n\n\n<p>Une fa\u00e7on de conna\u00eetre le niveau de d\u00e9part de vos \u00e9l\u00e8ves est d\u2019utiliser des quiz, car ils vous permettent, de mani\u00e8re interactive, d&rsquo;observer les connaissances de vos \u00e9l\u00e8ves. Avec Additio App, vous pouvez cr\u00e9er vos propres <a href=\"https:\/\/additioapp.com\/fr\/examens-et-activites-en-ligne\/\" target=\"_blank\" rel=\"noreferrer noopener\">quiz <\/a>interactifs, obtenir des analyses des r\u00e9sultats et voir les domaines o\u00f9 vos \u00e9l\u00e8ves \u00e9chouent le plus. De cette fa\u00e7on, vous pouvez vous concentrer davantage sur ces aspects pour garantir une connaissance plus approfondie.<\/p>\n\n\n\n<div style=\"height:10px\" aria-hidden=\"true\" class=\"wp-block-spacer\"><\/div>\n\n\n\n<figure class=\"wp-block-image\"><img decoding=\"async\" src=\"https:\/\/lh7-us.googleusercontent.com\/docsz\/AD_4nXc1H5vp9csO6HghRR5ngnjoZluin88LkfCFa_bhcwpxnv0Jp5HdIh8_uwn-YkBUX0gVNW6g07pEaFoaCHGOidxF5WTqCOmTjd89F_Nx59bI_efGrI-rh-k0fQ2Vi0lvuTAnuO3feIJbtS6skxKVqkI21oU?key=OD3ZP8CWv7lbNhxL0MHhIQ\" alt=\"\"\/><\/figure>\n\n\n\n<div style=\"height:70px\" aria-hidden=\"true\" class=\"wp-block-spacer\"><\/div>\n\n\n\n<ol class=\"wp-block-list\" start=\"2\">\n<li><strong>Renforcez les contenus des cours pr\u00e9c\u00e9dents.<\/strong> En utilisant les m\u00eames quiz que ceux mentionn\u00e9s pr\u00e9c\u00e9demment, vous pouvez les utiliser \u00e0 votre avantage d\u2019une autre mani\u00e8re. Apr\u00e8s chaque cours (que ce soit \u00e0 la fin de la s\u00e9ance ou au d\u00e9but de la s\u00e9ance suivante), vous pouvez proposer un quiz en direct, avec les contenus de cette s\u00e9ance. De cette fa\u00e7on, vous permettrez \u00e0 vos \u00e9l\u00e8ves de rafra\u00eechir leurs connaissances et de v\u00e9rifier s&rsquo;ils ont acquis les connaissances n\u00e9cessaires de la s\u00e9ance.<\/li>\n<\/ol>\n\n\n\n<ol class=\"wp-block-list\" start=\"3\">\n<li><strong>L&rsquo;auto\u00e9valuation est votre alli\u00e9e en classe.<\/strong> Pour que les \u00e9l\u00e8ves prennent conscience de leurs connaissances et observent dans quels domaines ils peuvent s&rsquo;am\u00e9liorer, vous pouvez leur envoyer des <a href=\"https:\/\/additioapp.com\/fr\/rubriques\/\" target=\"_blank\" rel=\"noreferrer noopener\">grilles d\u2019auto\u00e9valuation<\/a> des travaux et des t\u00e2ches r\u00e9alis\u00e9s dans votre mati\u00e8re.<\/li>\n<\/ol>\n\n\n\n<ol class=\"wp-block-list\" start=\"4\">\n<li><strong>Les cartes conceptuelles et les sch\u00e9mas vous aideront.<\/strong> Les cartes conceptuelles et les sch\u00e9mas aident \u00e0 relier les concepts, et sont donc un tr\u00e8s bon outil pour relier les connaissances pr\u00e9alables \u00e0 de nouvelles connaissances. Vous pouvez encourager vos \u00e9l\u00e8ves \u00e0 utiliser ces outils (m\u00eame de mani\u00e8re num\u00e9rique) pour consolider les connaissances et les comp\u00e9tences pr\u00e9alables et acqu\u00e9rir facilement de nouvelles connaissances.<\/li>\n<\/ol>\n\n\n\n<div style=\"height:10px\" aria-hidden=\"true\" class=\"wp-block-spacer\"><\/div>\n\n\n\n<figure class=\"wp-block-image\"><img decoding=\"async\" src=\"https:\/\/lh7-us.googleusercontent.com\/docsz\/AD_4nXe_lLURbFVwXVAomg7YQna5lks0Rqpnvxd_-W7HCwLSQQCkuwCR71uGvcL2_NPySoC_Nb3cNcAA2JqE5VA8cV5ZihBGCZxcVIqnDLcP5lCh5ZgsvYswXypNRhdVbOqeAKIzq_joVf1BH539A4jYRw6fOUzx?key=OD3ZP8CWv7lbNhxL0MHhIQ\" alt=\"\"\/><figcaption class=\"wp-element-caption\">Image de Freepik<\/figcaption><\/figure>\n\n\n\n<div style=\"height:70px\" aria-hidden=\"true\" class=\"wp-block-spacer\"><\/div>\n\n\n\n<h3 class=\"wp-block-heading\">Connaissiez-vous l&rsquo;apprentissage significatif ?<\/h3>\n\n\n\n<div style=\"height:10px\" aria-hidden=\"true\" class=\"wp-block-spacer\"><\/div>\n\n\n\n<p>Peut-\u00eatre que vous ne le connaissiez pas sous ce nom, mais en voyant les exemples, vous l&rsquo;avez s\u00fbrement d\u00e9j\u00e0 appliqu\u00e9. Dites-nous, connaissiez-vous ce type d&rsquo;apprentissage ?<\/p>\n\n\n\n<p>Comme toujours, nous vous attendons sur les r\u00e9seaux sociaux pour nous donner votre avis : <a href=\"https:\/\/www.facebook.com\/profile.php?id=100063661895488\" target=\"_blank\" rel=\"noreferrer noopener\">Facebook<\/a>, <a href=\"https:\/\/twitter.com\/additioapp\" target=\"_blank\" rel=\"noreferrer noopener\">Twitter<\/a>, <a href=\"https:\/\/www.instagram.com\/additioapp\/\" target=\"_blank\" rel=\"noreferrer noopener\">Instagram <\/a>et <a href=\"https:\/\/www.youtube.com\/additioapp\" target=\"_blank\" rel=\"noreferrer noopener\">Youtube<\/a>.<\/p>\n\n\n\n<div style=\"height:30px\" aria-hidden=\"true\" class=\"wp-block-spacer\"><\/div>\n\n\n\n<h3 class=\"wp-block-heading\">Additio App, la plateforme de gestion scolaire, d&rsquo;\u00e9valuation et de communication qui vous aide \u00e0 placer les \u00e9l\u00e8ves au centre de l&rsquo;apprentissage<\/h3>\n\n\n\n<div style=\"height:10px\" aria-hidden=\"true\" class=\"wp-block-spacer\"><\/div>\n\n\n\n<p>Avec Additio App, vous pouvez r\u00e9aliser une \u00e9valuation par comp\u00e9tences, pla\u00e7ant les \u00e9l\u00e8ves au centre de l&rsquo;apprentissage, les tenant inform\u00e9s de leur \u00e9volution et les aidant \u00e0 identifier les domaines \u00e0 am\u00e9liorer et les points forts.<\/p>\n\n\n\n<p>Plus de 150 fonctionnalit\u00e9s vous accompagnent pour am\u00e9liorer votre enseignement et l&rsquo;apprentissage des \u00e9l\u00e8ves. Vous pouvez essayer l&rsquo;outil gratuitement avec le plan <a href=\"https:\/\/additioapp.com\/fr\/prix-enseignants\/\" target=\"_blank\" rel=\"noreferrer noopener\">Additio Starter<\/a>, qui vous donne acc\u00e8s \u00e0 la plupart des fonctionnalit\u00e9s et v\u00e9rifier que la plateforme r\u00e9pond r\u00e9ellement \u00e0 vos besoins.<\/p>\n\n\n\n<p>Au revoir!<\/p>\n\n\n\n<div style=\"height:30px\" aria-hidden=\"true\" class=\"wp-block-spacer\"><\/div>\n","protected":false},"excerpt":{"rendered":"<p>Parler d&rsquo;\u00e9ducation implique \u00e9galement de parler d&rsquo;apprentissage, le processus par lequel nos \u00e9l\u00e8ves acqui\u00e8rent des connaissances et des comp\u00e9tences. Lorsque nous parlons d&rsquo;apprentissage, nous ne faisons pas r\u00e9f\u00e9rence \u00e0 une seule mani\u00e8re d&rsquo;apprendre, car il existe de nombreuses formes \u00e0 prendre en compte, chacune avec ses caract\u00e9ristiques. Dans le post d\u2019aujourd\u2019hui, nous aborderons l&rsquo;apprentissage significatif, [&hellip;]<\/p>\n","protected":false},"author":7,"featured_media":29498,"comment_status":"closed","ping_status":"closed","sticky":false,"template":"","format":"standard","meta":{"_acf_changed":false,"inline_featured_image":false,"footnotes":""},"categories":[191],"tags":[],"class_list":["post-29504","post","type-post","status-publish","format-standard","has-post-thumbnail","hentry","category-methodologies-fr"],"acf":[],"yoast_head":"<!-- This site is optimized with the Yoast SEO plugin v26.1.1 - https:\/\/yoast.com\/wordpress\/plugins\/seo\/ -->\n<title>Comment renforcer l&#039;apprentissage significatif en classe ? - Additio<\/title>\n<meta name=\"description\" content=\"Dans le post d\u2019aujourd\u2019hui, nous aborderons l&#039;apprentissage significatif, en examinant ses caract\u00e9ristiques et des strat\u00e9gies.\" \/>\n<meta name=\"robots\" content=\"index, follow, max-snippet:-1, max-image-preview:large, max-video-preview:-1\" \/>\n<link rel=\"canonical\" href=\"https:\/\/additioapp.com\/fr\/como-potenciar-el-aprendizaje-significativo-en-el-aula\/\" \/>\n<meta property=\"og:locale\" content=\"fr_FR\" \/>\n<meta property=\"og:type\" content=\"article\" \/>\n<meta property=\"og:title\" content=\"Comment renforcer l&#039;apprentissage significatif en classe ? - Additio\" \/>\n<meta property=\"og:description\" content=\"Dans le post d\u2019aujourd\u2019hui, nous aborderons l&#039;apprentissage significatif, en examinant ses caract\u00e9ristiques et des strat\u00e9gies.\" \/>\n<meta property=\"og:url\" content=\"https:\/\/additioapp.com\/fr\/como-potenciar-el-aprendizaje-significativo-en-el-aula\/\" \/>\n<meta property=\"og:site_name\" content=\"Additio\" \/>\n<meta property=\"article:published_time\" content=\"2024-07-15T11:13:40+00:00\" \/>\n<meta property=\"article:modified_time\" content=\"2024-07-15T11:50:51+00:00\" \/>\n<meta property=\"og:image\" content=\"https:\/\/additioapp.com\/wp-content\/uploads\/2024\/07\/portada-2-1024x564.png\" \/>\n\t<meta property=\"og:image:width\" content=\"1024\" \/>\n\t<meta property=\"og:image:height\" content=\"564\" \/>\n\t<meta property=\"og:image:type\" content=\"image\/png\" \/>\n<meta name=\"author\" content=\"Ivet Cano\" \/>\n<meta name=\"twitter:card\" content=\"summary_large_image\" \/>\n<meta name=\"twitter:label1\" content=\"\u00c9crit par\" \/>\n\t<meta name=\"twitter:data1\" content=\"Ivet Cano\" \/>\n\t<meta name=\"twitter:label2\" content=\"Dur\u00e9e de lecture estim\u00e9e\" \/>\n\t<meta name=\"twitter:data2\" content=\"6 minutes\" \/>\n<script type=\"application\/ld+json\" class=\"yoast-schema-graph\">{\"@context\":\"https:\/\/schema.org\",\"@graph\":[{\"@type\":\"Article\",\"@id\":\"https:\/\/additioapp.com\/fr\/como-potenciar-el-aprendizaje-significativo-en-el-aula\/#article\",\"isPartOf\":{\"@id\":\"https:\/\/additioapp.com\/fr\/como-potenciar-el-aprendizaje-significativo-en-el-aula\/\"},\"author\":{\"name\":\"Ivet Cano\",\"@id\":\"https:\/\/additioapp.com\/#\/schema\/person\/e2cbf614ee88414e795aff41430f8476\"},\"headline\":\"Comment renforcer l&rsquo;apprentissage significatif en classe ?\",\"datePublished\":\"2024-07-15T11:13:40+00:00\",\"dateModified\":\"2024-07-15T11:50:51+00:00\",\"mainEntityOfPage\":{\"@id\":\"https:\/\/additioapp.com\/fr\/como-potenciar-el-aprendizaje-significativo-en-el-aula\/\"},\"wordCount\":1195,\"publisher\":{\"@id\":\"https:\/\/additioapp.com\/#organization\"},\"image\":{\"@id\":\"https:\/\/additioapp.com\/fr\/como-potenciar-el-aprendizaje-significativo-en-el-aula\/#primaryimage\"},\"thumbnailUrl\":\"https:\/\/additioapp.com\/wp-content\/uploads\/2024\/07\/portada-2.png\",\"articleSection\":[\"M\u00e9thodologies\"],\"inLanguage\":\"fr-FR\"},{\"@type\":\"WebPage\",\"@id\":\"https:\/\/additioapp.com\/fr\/como-potenciar-el-aprendizaje-significativo-en-el-aula\/\",\"url\":\"https:\/\/additioapp.com\/fr\/como-potenciar-el-aprendizaje-significativo-en-el-aula\/\",\"name\":\"Comment renforcer l'apprentissage significatif en classe ? - Additio\",\"isPartOf\":{\"@id\":\"https:\/\/additioapp.com\/#website\"},\"primaryImageOfPage\":{\"@id\":\"https:\/\/additioapp.com\/fr\/como-potenciar-el-aprendizaje-significativo-en-el-aula\/#primaryimage\"},\"image\":{\"@id\":\"https:\/\/additioapp.com\/fr\/como-potenciar-el-aprendizaje-significativo-en-el-aula\/#primaryimage\"},\"thumbnailUrl\":\"https:\/\/additioapp.com\/wp-content\/uploads\/2024\/07\/portada-2.png\",\"datePublished\":\"2024-07-15T11:13:40+00:00\",\"dateModified\":\"2024-07-15T11:50:51+00:00\",\"description\":\"Dans le post d\u2019aujourd\u2019hui, nous aborderons l'apprentissage significatif, en examinant ses caract\u00e9ristiques et des strat\u00e9gies.\",\"breadcrumb\":{\"@id\":\"https:\/\/additioapp.com\/fr\/como-potenciar-el-aprendizaje-significativo-en-el-aula\/#breadcrumb\"},\"inLanguage\":\"fr-FR\",\"potentialAction\":[{\"@type\":\"ReadAction\",\"target\":[\"https:\/\/additioapp.com\/fr\/como-potenciar-el-aprendizaje-significativo-en-el-aula\/\"]}]},{\"@type\":\"ImageObject\",\"inLanguage\":\"fr-FR\",\"@id\":\"https:\/\/additioapp.com\/fr\/como-potenciar-el-aprendizaje-significativo-en-el-aula\/#primaryimage\",\"url\":\"https:\/\/additioapp.com\/wp-content\/uploads\/2024\/07\/portada-2.png\",\"contentUrl\":\"https:\/\/additioapp.com\/wp-content\/uploads\/2024\/07\/portada-2.png\",\"width\":2236,\"height\":1232},{\"@type\":\"BreadcrumbList\",\"@id\":\"https:\/\/additioapp.com\/fr\/como-potenciar-el-aprendizaje-significativo-en-el-aula\/#breadcrumb\",\"itemListElement\":[{\"@type\":\"ListItem\",\"position\":1,\"name\":\"Portada\",\"item\":\"https:\/\/additioapp.com\/fr\/\"},{\"@type\":\"ListItem\",\"position\":2,\"name\":\"Comment renforcer l&#8217;apprentissage significatif en classe ?\"}]},{\"@type\":\"WebSite\",\"@id\":\"https:\/\/additioapp.com\/#website\",\"url\":\"https:\/\/additioapp.com\/\",\"name\":\"Additio\",\"description\":\"Plateforme de gestion scolaire de nouvelle g\u00e9n\u00e9ration\",\"publisher\":{\"@id\":\"https:\/\/additioapp.com\/#organization\"},\"potentialAction\":[{\"@type\":\"SearchAction\",\"target\":{\"@type\":\"EntryPoint\",\"urlTemplate\":\"https:\/\/additioapp.com\/?s={search_term_string}\"},\"query-input\":{\"@type\":\"PropertyValueSpecification\",\"valueRequired\":true,\"valueName\":\"search_term_string\"}}],\"inLanguage\":\"fr-FR\"},{\"@type\":\"Organization\",\"@id\":\"https:\/\/additioapp.com\/#organization\",\"name\":\"Additio\",\"url\":\"https:\/\/additioapp.com\/\",\"logo\":{\"@type\":\"ImageObject\",\"inLanguage\":\"fr-FR\",\"@id\":\"https:\/\/additioapp.com\/#\/schema\/logo\/image\/\",\"url\":\"https:\/\/additioapp.com\/wp-content\/uploads\/2026\/03\/logo-web-by-seven.svg\",\"contentUrl\":\"https:\/\/additioapp.com\/wp-content\/uploads\/2026\/03\/logo-web-by-seven.svg\",\"width\":1570,\"height\":299,\"caption\":\"Additio\"},\"image\":{\"@id\":\"https:\/\/additioapp.com\/#\/schema\/logo\/image\/\"}},{\"@type\":\"Person\",\"@id\":\"https:\/\/additioapp.com\/#\/schema\/person\/e2cbf614ee88414e795aff41430f8476\",\"name\":\"Ivet Cano\",\"image\":{\"@type\":\"ImageObject\",\"inLanguage\":\"fr-FR\",\"@id\":\"https:\/\/additioapp.com\/#\/schema\/person\/image\/\",\"url\":\"https:\/\/secure.gravatar.com\/avatar\/ed6ed3419bb06c8fd8e1c15011570cc9ccb473dabb3a00ef1ff4a81ed68369d9?s=96&d=mm&r=g\",\"contentUrl\":\"https:\/\/secure.gravatar.com\/avatar\/ed6ed3419bb06c8fd8e1c15011570cc9ccb473dabb3a00ef1ff4a81ed68369d9?s=96&d=mm&r=g\",\"caption\":\"Ivet Cano\"}}]}<\/script>\n<!-- \/ Yoast SEO plugin. -->","yoast_head_json":{"title":"Comment renforcer l'apprentissage significatif en classe ? - Additio","description":"Dans le post d\u2019aujourd\u2019hui, nous aborderons l'apprentissage significatif, en examinant ses caract\u00e9ristiques et des strat\u00e9gies.","robots":{"index":"index","follow":"follow","max-snippet":"max-snippet:-1","max-image-preview":"max-image-preview:large","max-video-preview":"max-video-preview:-1"},"canonical":"https:\/\/additioapp.com\/fr\/como-potenciar-el-aprendizaje-significativo-en-el-aula\/","og_locale":"fr_FR","og_type":"article","og_title":"Comment renforcer l'apprentissage significatif en classe ? - Additio","og_description":"Dans le post d\u2019aujourd\u2019hui, nous aborderons l'apprentissage significatif, en examinant ses caract\u00e9ristiques et des strat\u00e9gies.","og_url":"https:\/\/additioapp.com\/fr\/como-potenciar-el-aprendizaje-significativo-en-el-aula\/","og_site_name":"Additio","article_published_time":"2024-07-15T11:13:40+00:00","article_modified_time":"2024-07-15T11:50:51+00:00","og_image":[{"width":1024,"height":564,"url":"https:\/\/additioapp.com\/wp-content\/uploads\/2024\/07\/portada-2-1024x564.png","type":"image\/png"}],"author":"Ivet Cano","twitter_card":"summary_large_image","twitter_misc":{"\u00c9crit par":"Ivet Cano","Dur\u00e9e de lecture estim\u00e9e":"6 minutes"},"schema":{"@context":"https:\/\/schema.org","@graph":[{"@type":"Article","@id":"https:\/\/additioapp.com\/fr\/como-potenciar-el-aprendizaje-significativo-en-el-aula\/#article","isPartOf":{"@id":"https:\/\/additioapp.com\/fr\/como-potenciar-el-aprendizaje-significativo-en-el-aula\/"},"author":{"name":"Ivet Cano","@id":"https:\/\/additioapp.com\/#\/schema\/person\/e2cbf614ee88414e795aff41430f8476"},"headline":"Comment renforcer l&rsquo;apprentissage significatif en classe ?","datePublished":"2024-07-15T11:13:40+00:00","dateModified":"2024-07-15T11:50:51+00:00","mainEntityOfPage":{"@id":"https:\/\/additioapp.com\/fr\/como-potenciar-el-aprendizaje-significativo-en-el-aula\/"},"wordCount":1195,"publisher":{"@id":"https:\/\/additioapp.com\/#organization"},"image":{"@id":"https:\/\/additioapp.com\/fr\/como-potenciar-el-aprendizaje-significativo-en-el-aula\/#primaryimage"},"thumbnailUrl":"https:\/\/additioapp.com\/wp-content\/uploads\/2024\/07\/portada-2.png","articleSection":["M\u00e9thodologies"],"inLanguage":"fr-FR"},{"@type":"WebPage","@id":"https:\/\/additioapp.com\/fr\/como-potenciar-el-aprendizaje-significativo-en-el-aula\/","url":"https:\/\/additioapp.com\/fr\/como-potenciar-el-aprendizaje-significativo-en-el-aula\/","name":"Comment renforcer l'apprentissage significatif en classe ? - Additio","isPartOf":{"@id":"https:\/\/additioapp.com\/#website"},"primaryImageOfPage":{"@id":"https:\/\/additioapp.com\/fr\/como-potenciar-el-aprendizaje-significativo-en-el-aula\/#primaryimage"},"image":{"@id":"https:\/\/additioapp.com\/fr\/como-potenciar-el-aprendizaje-significativo-en-el-aula\/#primaryimage"},"thumbnailUrl":"https:\/\/additioapp.com\/wp-content\/uploads\/2024\/07\/portada-2.png","datePublished":"2024-07-15T11:13:40+00:00","dateModified":"2024-07-15T11:50:51+00:00","description":"Dans le post d\u2019aujourd\u2019hui, nous aborderons l'apprentissage significatif, en examinant ses caract\u00e9ristiques et des strat\u00e9gies.","breadcrumb":{"@id":"https:\/\/additioapp.com\/fr\/como-potenciar-el-aprendizaje-significativo-en-el-aula\/#breadcrumb"},"inLanguage":"fr-FR","potentialAction":[{"@type":"ReadAction","target":["https:\/\/additioapp.com\/fr\/como-potenciar-el-aprendizaje-significativo-en-el-aula\/"]}]},{"@type":"ImageObject","inLanguage":"fr-FR","@id":"https:\/\/additioapp.com\/fr\/como-potenciar-el-aprendizaje-significativo-en-el-aula\/#primaryimage","url":"https:\/\/additioapp.com\/wp-content\/uploads\/2024\/07\/portada-2.png","contentUrl":"https:\/\/additioapp.com\/wp-content\/uploads\/2024\/07\/portada-2.png","width":2236,"height":1232},{"@type":"BreadcrumbList","@id":"https:\/\/additioapp.com\/fr\/como-potenciar-el-aprendizaje-significativo-en-el-aula\/#breadcrumb","itemListElement":[{"@type":"ListItem","position":1,"name":"Portada","item":"https:\/\/additioapp.com\/fr\/"},{"@type":"ListItem","position":2,"name":"Comment renforcer l&#8217;apprentissage significatif en classe ?"}]},{"@type":"WebSite","@id":"https:\/\/additioapp.com\/#website","url":"https:\/\/additioapp.com\/","name":"Additio","description":"Plateforme de gestion scolaire de nouvelle g\u00e9n\u00e9ration","publisher":{"@id":"https:\/\/additioapp.com\/#organization"},"potentialAction":[{"@type":"SearchAction","target":{"@type":"EntryPoint","urlTemplate":"https:\/\/additioapp.com\/?s={search_term_string}"},"query-input":{"@type":"PropertyValueSpecification","valueRequired":true,"valueName":"search_term_string"}}],"inLanguage":"fr-FR"},{"@type":"Organization","@id":"https:\/\/additioapp.com\/#organization","name":"Additio","url":"https:\/\/additioapp.com\/","logo":{"@type":"ImageObject","inLanguage":"fr-FR","@id":"https:\/\/additioapp.com\/#\/schema\/logo\/image\/","url":"https:\/\/additioapp.com\/wp-content\/uploads\/2026\/03\/logo-web-by-seven.svg","contentUrl":"https:\/\/additioapp.com\/wp-content\/uploads\/2026\/03\/logo-web-by-seven.svg","width":1570,"height":299,"caption":"Additio"},"image":{"@id":"https:\/\/additioapp.com\/#\/schema\/logo\/image\/"}},{"@type":"Person","@id":"https:\/\/additioapp.com\/#\/schema\/person\/e2cbf614ee88414e795aff41430f8476","name":"Ivet Cano","image":{"@type":"ImageObject","inLanguage":"fr-FR","@id":"https:\/\/additioapp.com\/#\/schema\/person\/image\/","url":"https:\/\/secure.gravatar.com\/avatar\/ed6ed3419bb06c8fd8e1c15011570cc9ccb473dabb3a00ef1ff4a81ed68369d9?s=96&d=mm&r=g","contentUrl":"https:\/\/secure.gravatar.com\/avatar\/ed6ed3419bb06c8fd8e1c15011570cc9ccb473dabb3a00ef1ff4a81ed68369d9?s=96&d=mm&r=g","caption":"Ivet Cano"}}]}},"_links":{"self":[{"href":"https:\/\/additioapp.com\/fr\/wp-json\/wp\/v2\/posts\/29504","targetHints":{"allow":["GET"]}}],"collection":[{"href":"https:\/\/additioapp.com\/fr\/wp-json\/wp\/v2\/posts"}],"about":[{"href":"https:\/\/additioapp.com\/fr\/wp-json\/wp\/v2\/types\/post"}],"author":[{"embeddable":true,"href":"https:\/\/additioapp.com\/fr\/wp-json\/wp\/v2\/users\/7"}],"replies":[{"embeddable":true,"href":"https:\/\/additioapp.com\/fr\/wp-json\/wp\/v2\/comments?post=29504"}],"version-history":[{"count":1,"href":"https:\/\/additioapp.com\/fr\/wp-json\/wp\/v2\/posts\/29504\/revisions"}],"predecessor-version":[{"id":29506,"href":"https:\/\/additioapp.com\/fr\/wp-json\/wp\/v2\/posts\/29504\/revisions\/29506"}],"wp:featuredmedia":[{"embeddable":true,"href":"https:\/\/additioapp.com\/fr\/wp-json\/wp\/v2\/media\/29498"}],"wp:attachment":[{"href":"https:\/\/additioapp.com\/fr\/wp-json\/wp\/v2\/media?parent=29504"}],"wp:term":[{"taxonomy":"category","embeddable":true,"href":"https:\/\/additioapp.com\/fr\/wp-json\/wp\/v2\/categories?post=29504"},{"taxonomy":"post_tag","embeddable":true,"href":"https:\/\/additioapp.com\/fr\/wp-json\/wp\/v2\/tags?post=29504"}],"curies":[{"name":"wp","href":"https:\/\/api.w.org\/{rel}","templated":true}]}}