{"id":28249,"date":"2024-02-26T10:15:18","date_gmt":"2024-02-26T10:15:18","guid":{"rendered":"https:\/\/additioapp.com\/additio-app-tu-partner-de-digitalizacion-para-educacion\/"},"modified":"2024-02-26T10:24:25","modified_gmt":"2024-02-26T10:24:25","slug":"additio-app-el-teu-partner-de-digitalitzacio-per-a-educacio","status":"publish","type":"post","link":"https:\/\/additioapp.com\/ca\/additio-app-el-teu-partner-de-digitalitzacio-per-a-educacio\/","title":{"rendered":"Additio App, el teu partner de digitalitzaci\u00f3 per a educaci\u00f3"},"content":{"rendered":"\n<p>Busques una eina per digitalitzar l&#8217;educaci\u00f3 al teu centre, regi\u00f3 o comunitat? Additio App \u00e9s el teu partner de digitalitzaci\u00f3 per a l&#8217;educaci\u00f3, ajudant-te a millorar la qualitat educativa.<\/p>\n\n\n\n<p>Descobreix qu\u00e8 t\u2019oferim i com t\u2019acompanyem en el proc\u00e9s de transformaci\u00f3 digital educativa de la teva zona o regi\u00f3.<\/p>\n\n\n\n<div style=\"height:20px\" aria-hidden=\"true\" class=\"wp-block-spacer\"><\/div>\n\n\n\n<figure class=\"wp-block-image\"><img decoding=\"async\" src=\"https:\/\/lh7-us.googleusercontent.com\/XiCeedMH6eKf_mbop4spfMgB8U8SqpZzt0UmV4bbKo5wY-fSbgOvQOz74NuiRxDz2uXOajWf0EPXuBzfel7RsYmHf6RF_Sqs-n7ENphJbEQyoO_C_dnuXOn11nYsfHoRTQ2e6h5CgH6oc80HFJecyT0\" alt=\"\"\/><figcaption class=\"wp-element-caption\">Imatge de Karolina Grabowska a Pexels<\/figcaption><\/figure>\n\n\n\n<div style=\"height:70px\" aria-hidden=\"true\" class=\"wp-block-spacer\"><\/div>\n\n\n\n<h2 class=\"wp-block-heading\">Una forta aposta per la transformaci\u00f3 digital a l&#8217;\u00e0mbit educatiu<\/h2>\n\n\n\n<div style=\"height:10px\" aria-hidden=\"true\" class=\"wp-block-spacer\"><\/div>\n\n\n\n<p>El nostre comprom\u00eds com a partners de digitalitzaci\u00f3 per al teu projecte educatiu \u00e9s oferir una eina completa, adaptable a totes les necessitats i estricta amb la seguretat de les dades.<\/p>\n\n\n\n<div style=\"height:30px\" aria-hidden=\"true\" class=\"wp-block-spacer\"><\/div>\n\n\n\n<h2 class=\"wp-block-heading\">Com els teus partners de digitalitzaci\u00f3, constru\u00efm el teu projecte digital segons les teves necessitats<\/h2>\n\n\n\n<div style=\"height:10px\" aria-hidden=\"true\" class=\"wp-block-spacer\"><\/div>\n\n\n\n<p>Si comptes amb el nostre suport per desenvolupar el teu projecte de transformaci\u00f3 digital educativa,crearem i adaptarem una soluci\u00f3 a mida de les teves necessitats educatives i requeriments espec\u00edfics.<\/p>\n\n\n\n<p>Descobreix algunes de les solucions digitals que hem desenvolupat:<\/p>\n\n\n\n<ul class=\"wp-block-list\">\n<li><strong>Avaluaci\u00f3 i gesti\u00f3 escolar:<\/strong>\n<ul class=\"wp-block-list\">\n<li>Posem a la teva disposici\u00f3 un generador<strong> d&#8217;horaris amb intel\u00b7lig\u00e8ncia artificial, <\/strong>que et permet optimitzar l&#8217;assignaci\u00f3 de classes, professorat i espais sense errors.<\/li>\n\n\n\n<li><strong>Quadern digital del professorat:<\/strong> avalua f\u00e0cilment l&#8217;alumnat i mantingues un registre del seu progr\u00e9s acad\u00e8mic, fins i tot amb r\u00fabriques i quizzes interactius.<\/li>\n\n\n\n<li>T&#8217;oferim un sistema<strong> de gesti\u00f3 d&#8217;aprenentatge (LMS)<\/strong> totalment adaptat als teus requeriments i necessitats.<\/li>\n\n\n\n<li><strong>Dianes d&#8217;avaluaci\u00f3: <\/strong>registra l&#8217;evoluci\u00f3 de l&#8217;alumnat i obt\u00e9 informaci\u00f3 d&#8217;\u00e0rees de millora.<\/li>\n<\/ul>\n<\/li>\n<\/ul>\n\n\n\n<div style=\"height:10px\" aria-hidden=\"true\" class=\"wp-block-spacer\"><\/div>\n\n\n\n<ul class=\"wp-block-list\">\n<li><strong>Comunicaci\u00f3:<\/strong>\n<ul class=\"wp-block-list\">\n<li><strong>Plataforma de videoconfer\u00e8ncies per<\/strong> portar l&#8217;ensenyament virtual a un altre nivell.<\/li>\n\n\n\n<li><strong>Visualitzaci\u00f3 d&#8217;horaris:<\/strong> docents, alumnat i fam\u00edlies poden estar al dia dels seus horaris, visualitzant els canvis en temps real.<\/li>\n\n\n\n<li>Facilita el flux d&#8217;informaci\u00f3 entre docents i alumnat\/fam\u00edlies a trav\u00e9s de xats en temps real.<\/li>\n\n\n\n<li>Fes comunicacions generals i unidireccionals per transmetre informaci\u00f3 important.<\/li>\n\n\n\n<li>Porta un registre de l&#8217;assist\u00e8ncia<strong> escolar<\/strong> per detectar patrons d&#8217;absentisme i reduir l&#8217;abandonament escolar.<\/li>\n\n\n\n<li>Crea i comparteix informes<strong> de compet\u00e8ncies<\/strong> per avaluar el rendiment dels estudiants, aix\u00ed com tamb\u00e9 informes de seguiment i incid\u00e8ncies.<\/li>\n\n\n\n<li>Crea un entorn<strong> col\u00b7laboratiu<\/strong> i que faciliti la compartici\u00f3 de recursos per millorar l&#8217;experi\u00e8ncia d&#8217;aprenentatge tant presencial com en l\u00ednia.<\/li>\n<\/ul>\n<\/li>\n<\/ul>\n\n\n\n<div style=\"height:10px\" aria-hidden=\"true\" class=\"wp-block-spacer\"><\/div>\n\n\n\n<ul class=\"wp-block-list\">\n<li><strong>Gesti\u00f3 administrativa i econ\u00f2mica:<\/strong>\n<ul class=\"wp-block-list\">\n<li>Oferim eines per realitzar la facturaci\u00f3 portar la gesti\u00f3<strong> financera i comptable<\/strong> de manera senzilla.<\/li>\n\n\n\n<li><strong>Gestiona f\u00e0cilment<\/strong> documentaci\u00f3, projectes, inventari, espais o recursos.<\/li>\n\n\n\n<li>Pots <strong>gestionar totes les dades<\/strong> en una sola plataforma, i garantim la seguretat<strong> i privadesa<\/strong> de totes les dades.<\/li>\n\n\n\n<li>Eina de recursos<strong> humans i reclutament<\/strong>, aix\u00ed com de control<strong> horari<\/strong>.<\/li>\n<\/ul>\n<\/li>\n<\/ul>\n\n\n\n<div style=\"height:20px\" aria-hidden=\"true\" class=\"wp-block-spacer\"><\/div>\n\n\n\n<figure class=\"wp-block-image\"><img decoding=\"async\" src=\"https:\/\/lh7-us.googleusercontent.com\/SH310HlFRzRC5WOwA_tr727b09FGtfYGivcMFONRuiIle92-R1PIXjkOrkcb7TDoIKX01cgh-Ohz4SJQ9nB34zhmEHp_Cs9OFxs78H1HJ1NeG2vwA-urTEJPZ4YTqqy7MlPjC5iwk8dmY5lH4ZI6wrQ\" alt=\"\"\/><figcaption class=\"wp-element-caption\">Imatge de Graphberry amb captura de pantalla de creaci\u00f3 pr\u00f2pia<\/figcaption><\/figure>\n\n\n\n<div style=\"height:70px\" aria-hidden=\"true\" class=\"wp-block-spacer\"><\/div>\n\n\n\n<h2 class=\"wp-block-heading\">Molts governs i institucions ja confien en Additio App com a partner de digitalitzaci\u00f3<\/h2>\n\n\n\n<div style=\"height:10px\" aria-hidden=\"true\" class=\"wp-block-spacer\"><\/div>\n\n\n\n<p>Hem treballat i estem treballant amb governs i institucions a tot el m\u00f3n per dur a terme una transformaci\u00f3 digital educativa integral. Aquestes han estat algunes de les seves experi\u00e8ncies comptant amb nosaltres com a partner de digitalitzaci\u00f3:<\/p>\n\n\n\n<div style=\"height:10px\" aria-hidden=\"true\" class=\"wp-block-spacer\"><\/div>\n\n\n\n<h3 class=\"wp-block-heading\">Conselleria d&#8217;Educaci\u00f3 a Cant\u00e0bria<\/h3>\n\n\n\n<div style=\"height:10px\" aria-hidden=\"true\" class=\"wp-block-spacer\"><\/div>\n\n\n\n<p>L&#8217;any 2023 vam comen\u00e7ar a treballar per proporcionar a tots els centres educatius de la comunitat aut\u00f2noma una plataforma de gesti\u00f3 acad\u00e8mica col\u00b7laborativa, que permeti l&#8217;avaluaci\u00f3 competencial, fent un seguiment del progr\u00e9s acad\u00e8mic dels estudiants en temps real. Tamb\u00e9 proporcionem una plataforma de comunicaci\u00f3 per mantenir el flux d&#8217;informaci\u00f3 entre centres, docents, alumnat i fam\u00edlies.<\/p>\n\n\n\n<p>M\u00e9s de 350 escoles, amb m\u00e9s de 10.000 docents entre infantil, prim\u00e0ria i secund\u00e0ria estan gaudint dels beneficis d&#8217;integrar Additio App al seu dia a dia.<\/p>\n\n\n\n<div style=\"height:10px\" aria-hidden=\"true\" class=\"wp-block-spacer\"><\/div>\n\n\n\n<figure class=\"wp-block-image is-resized\"><img decoding=\"async\" src=\"https:\/\/lh7-us.googleusercontent.com\/6rgxFYxb4lTzz-cCa3EGPdlMfybUE62jiqRD8U_UuavuDHiv6Eb5wzjR_kCDtBi4WTEbrQJA7Mgg6T90J8UwpOKagP5qTdIaU7lh1bd2SABJwLC3srFVyO-hFN-cCvTxZFZYGn3bNbzAqftqnh3M7as\" alt=\"\" style=\"width:344px;height:auto\"\/><\/figure>\n\n\n\n<div style=\"height:70px\" aria-hidden=\"true\" class=\"wp-block-spacer\"><\/div>\n\n\n\n<h3 class=\"wp-block-heading\">Conselleria d&#8217;Educaci\u00f3 a M\u00farcia<\/h3>\n\n\n\n<div style=\"height:10px\" aria-hidden=\"true\" class=\"wp-block-spacer\"><\/div>\n\n\n\n<p>El 2022, vam comen\u00e7ar a col\u00b7laborar amb el Govern de M\u00farcia per proporcionar una plataforma de comunicaci\u00f3 institucional als centres educatius de la regi\u00f3. En el marc d&#8217;aquest projecte, els docents es poden comunicar f\u00e0cilment amb estudiants i fam\u00edlies, involucrant-los en el seu progr\u00e9s acad\u00e8mic, ja sigui unidireccional o bidireccional.<\/p>\n\n\n\n<p>M\u00e9s de 750 centres educatius, amb m\u00e9s de 19.000 professors i 170.000 alumnes i fam\u00edlies milloren la seva experi\u00e8ncia educativa amb aquest projecte.<\/p>\n\n\n\n<div style=\"height:10px\" aria-hidden=\"true\" class=\"wp-block-spacer\"><\/div>\n\n\n\n<figure class=\"wp-block-image is-resized\"><img decoding=\"async\" src=\"https:\/\/lh7-us.googleusercontent.com\/qeZlHq2wfk8RIPr1XFX8ZgrcG4LdUrWw-vSV7FHg9QJSPRSsmcrFmmT1OmMe7GLRDgALzZ7LOHuVhY5ao5dkuEGCIDJZv3aer3LZaZHYUUOADp1w8M3z2PkEzKVDLbr0kU1Ts1rjH-ye9hCj3EagpCo\" alt=\"\" style=\"width:328px;height:auto\"\/><\/figure>\n\n\n\n<div style=\"height:70px\" aria-hidden=\"true\" class=\"wp-block-spacer\"><\/div>\n\n\n\n<h3 class=\"wp-block-heading\">Renfrewshire Council<\/h3>\n\n\n\n<div style=\"height:10px\" aria-hidden=\"true\" class=\"wp-block-spacer\"><\/div>\n\n\n\n<p>Des del 2023, oferim a Renfrewshire Council un sistema de gesti\u00f3 de l&#8217;aprenentatge (LMS) que permet la formaci\u00f3 de tots els seus funcionaris en format en l\u00ednia. Es tracta d&#8217;una soluci\u00f3 integral, integrada amb l&#8217;ERP de gesti\u00f3 de recursos humans que usen, i adaptable totalment a les vostres necessitats i requeriments.<\/p>\n\n\n\n<p>M\u00e9s de 9.000 funcionaris s&#8217;estan formant gr\u00e0cies a aquest projecte juntament amb Renfrewshire Council.<\/p>\n\n\n\n<figure class=\"wp-block-image is-resized\"><img decoding=\"async\" src=\"https:\/\/lh7-us.googleusercontent.com\/iq_9hV92qPt7MNcyDuDddTFRcgm8iLiKxXGSuUkkD5IDP2xEyPs5xXpPzl_1NswccAMwpyhQHN7gXCyX41BHeM6Gs3OHpeAeRU-Ym-omX3j3mxyJsJOZC-tb51UdTmUS1KGSRhXTaD2ZldA1wjStafw\" alt=\"\" style=\"width:222px;height:auto\"\/><\/figure>\n\n\n\n<div style=\"height:70px\" aria-hidden=\"true\" class=\"wp-block-spacer\"><\/div>\n\n\n\n<h3 class=\"wp-block-heading\">NSW Government<\/h3>\n\n\n\n<div style=\"height:10px\" aria-hidden=\"true\" class=\"wp-block-spacer\"><\/div>\n\n\n\n<p>El 2021, vam comen\u00e7ar a col\u00b7laborar amb la regi\u00f3 de New South Wales a Austr\u00e0lia, per oferir un sistema de gesti\u00f3 de l&#8217;aprenentatge que ajudi docents a gestionar l&#8217;aula i fer informes, a les m\u00e9s de 250 escoles d&#8217;idiomes de la regi\u00f3.<\/p>\n\n\n\n<p>250 centres educatius i 1.000 professors han millorat exponencialment l&#8217;aprenentatge, l&#8217;avaluaci\u00f3 i el registre de l&#8217;assist\u00e8ncia des de fa 3 anys, quan es va implementar aquesta eina.<\/p>\n\n\n\n<div style=\"height:10px\" aria-hidden=\"true\" class=\"wp-block-spacer\"><\/div>\n\n\n\n<figure class=\"wp-block-image is-resized\"><img decoding=\"async\" src=\"https:\/\/lh7-us.googleusercontent.com\/dpPNA3cAuj2UCfU4EG9vNEEJyxlIn0QsR8C7M5CPM-VzLl796aVHRypPm-JwVic8exqc2_BRiNr639nVfzkx6AeLmZsm2Z7Pw84tIXX8BolIjtqq_ogMtV6l5XEGYffbNjls82ajICUfMoeEMyqVkfw\" alt=\"\" style=\"width:238px;height:auto\"\/><\/figure>\n\n\n\n<div style=\"height:70px\" aria-hidden=\"true\" class=\"wp-block-spacer\"><\/div>\n\n\n\n<h3 class=\"wp-block-heading\">Vols que t&#8217;assessorem?<\/h3>\n\n\n\n<div style=\"height:10px\" aria-hidden=\"true\" class=\"wp-block-spacer\"><\/div>\n\n\n\n<p>Si creus que podem ajudar-te a liderar la transformaci\u00f3 digital educativa, pots escriure&#8217;ns a <a href=\"mailto:info@additioapp.com\" target=\"_blank\" rel=\"noreferrer noopener\">info@additioapp.com<\/a> amb l&#8217;assumpte \u201cProjecte de digitalitzaci\u00f3\u201d i un agent digitalitzador especialitzat es posar\u00e0 en contacte amb tu per con\u00e8ixer millor el teu projecte i determinar com et podem ajudar.<\/p>\n\n\n\n<div style=\"height:30px\" aria-hidden=\"true\" class=\"wp-block-spacer\"><\/div>\n","protected":false},"excerpt":{"rendered":"<p>Busques una eina per digitalitzar l&#8217;educaci\u00f3 al teu centre, regi\u00f3 o comunitat? Additio App \u00e9s el teu partner de digitalitzaci\u00f3 per a l&#8217;educaci\u00f3, ajudant-te a millorar la qualitat educativa. Descobreix qu\u00e8 t\u2019oferim i com t\u2019acompanyem en el proc\u00e9s de transformaci\u00f3 digital educativa de la teva zona o regi\u00f3. Una forta aposta per la transformaci\u00f3 digital [&hellip;]<\/p>\n","protected":false},"author":7,"featured_media":28242,"comment_status":"closed","ping_status":"closed","sticky":false,"template":"","format":"standard","meta":{"_acf_changed":false,"inline_featured_image":false,"footnotes":""},"categories":[192],"tags":[],"class_list":["post-28249","post","type-post","status-publish","format-standard","has-post-thumbnail","hentry","category-novetats"],"acf":[],"yoast_head":"<!-- This site is optimized with the Yoast SEO plugin v26.1.1 - https:\/\/yoast.com\/wordpress\/plugins\/seo\/ -->\n<title>Additio App, el teu partner de digitalitzaci\u00f3 per a educaci\u00f3 - Additio App<\/title>\n<meta name=\"description\" content=\"\u00bfBuscas una herramienta para digitalizar la educaci\u00f3n? Additio App es tu partner de digitalizaci\u00f3n para la educaci\u00f3n.\" \/>\n<meta name=\"robots\" content=\"index, follow, max-snippet:-1, max-image-preview:large, max-video-preview:-1\" \/>\n<link rel=\"canonical\" href=\"https:\/\/additioapp.com\/ca\/additio-app-el-teu-partner-de-digitalitzacio-per-a-educacio\/\" \/>\n<meta property=\"og:locale\" content=\"ca_ES\" \/>\n<meta property=\"og:type\" content=\"article\" \/>\n<meta property=\"og:title\" content=\"Additio App, el teu partner de digitalitzaci\u00f3 per a educaci\u00f3 - Additio App\" \/>\n<meta property=\"og:description\" content=\"\u00bfBuscas una herramienta para digitalizar la educaci\u00f3n? Additio App es tu partner de digitalizaci\u00f3n para la educaci\u00f3n.\" \/>\n<meta property=\"og:url\" content=\"https:\/\/additioapp.com\/ca\/additio-app-el-teu-partner-de-digitalitzacio-per-a-educacio\/\" \/>\n<meta property=\"og:site_name\" content=\"Additio App\" \/>\n<meta property=\"article:published_time\" content=\"2024-02-26T10:15:18+00:00\" \/>\n<meta property=\"article:modified_time\" content=\"2024-02-26T10:24:25+00:00\" \/>\n<meta property=\"og:image\" content=\"https:\/\/additioapp.com\/wp-content\/uploads\/2024\/02\/portada-2-1024x565.png\" \/>\n\t<meta property=\"og:image:width\" content=\"1024\" \/>\n\t<meta property=\"og:image:height\" content=\"565\" \/>\n\t<meta property=\"og:image:type\" content=\"image\/png\" \/>\n<meta name=\"author\" content=\"Ivet Cano\" \/>\n<meta name=\"twitter:card\" content=\"summary_large_image\" \/>\n<meta name=\"twitter:label1\" content=\"Escrit per\" \/>\n\t<meta name=\"twitter:data1\" content=\"Ivet Cano\" \/>\n\t<meta name=\"twitter:label2\" content=\"Temps estimat de lectura\" \/>\n\t<meta name=\"twitter:data2\" content=\"5 minuts\" \/>\n<script type=\"application\/ld+json\" class=\"yoast-schema-graph\">{\"@context\":\"https:\/\/schema.org\",\"@graph\":[{\"@type\":\"Article\",\"@id\":\"https:\/\/additioapp.com\/ca\/additio-app-el-teu-partner-de-digitalitzacio-per-a-educacio\/#article\",\"isPartOf\":{\"@id\":\"https:\/\/additioapp.com\/ca\/additio-app-el-teu-partner-de-digitalitzacio-per-a-educacio\/\"},\"author\":{\"name\":\"Ivet Cano\",\"@id\":\"https:\/\/additioapp.com\/#\/schema\/person\/e2cbf614ee88414e795aff41430f8476\"},\"headline\":\"Additio App, el teu partner de digitalitzaci\u00f3 per a educaci\u00f3\",\"datePublished\":\"2024-02-26T10:15:18+00:00\",\"dateModified\":\"2024-02-26T10:24:25+00:00\",\"mainEntityOfPage\":{\"@id\":\"https:\/\/additioapp.com\/ca\/additio-app-el-teu-partner-de-digitalitzacio-per-a-educacio\/\"},\"wordCount\":898,\"publisher\":{\"@id\":\"https:\/\/additioapp.com\/#organization\"},\"image\":{\"@id\":\"https:\/\/additioapp.com\/ca\/additio-app-el-teu-partner-de-digitalitzacio-per-a-educacio\/#primaryimage\"},\"thumbnailUrl\":\"https:\/\/additioapp.com\/wp-content\/uploads\/2024\/02\/portada-2.png\",\"articleSection\":[\"Novetats\"],\"inLanguage\":\"ca\"},{\"@type\":\"WebPage\",\"@id\":\"https:\/\/additioapp.com\/ca\/additio-app-el-teu-partner-de-digitalitzacio-per-a-educacio\/\",\"url\":\"https:\/\/additioapp.com\/ca\/additio-app-el-teu-partner-de-digitalitzacio-per-a-educacio\/\",\"name\":\"Additio App, el teu partner de digitalitzaci\u00f3 per a educaci\u00f3 - Additio App\",\"isPartOf\":{\"@id\":\"https:\/\/additioapp.com\/#website\"},\"primaryImageOfPage\":{\"@id\":\"https:\/\/additioapp.com\/ca\/additio-app-el-teu-partner-de-digitalitzacio-per-a-educacio\/#primaryimage\"},\"image\":{\"@id\":\"https:\/\/additioapp.com\/ca\/additio-app-el-teu-partner-de-digitalitzacio-per-a-educacio\/#primaryimage\"},\"thumbnailUrl\":\"https:\/\/additioapp.com\/wp-content\/uploads\/2024\/02\/portada-2.png\",\"datePublished\":\"2024-02-26T10:15:18+00:00\",\"dateModified\":\"2024-02-26T10:24:25+00:00\",\"description\":\"\u00bfBuscas una herramienta para digitalizar la educaci\u00f3n? Additio App es tu partner de digitalizaci\u00f3n para la educaci\u00f3n.\",\"breadcrumb\":{\"@id\":\"https:\/\/additioapp.com\/ca\/additio-app-el-teu-partner-de-digitalitzacio-per-a-educacio\/#breadcrumb\"},\"inLanguage\":\"ca\",\"potentialAction\":[{\"@type\":\"ReadAction\",\"target\":[\"https:\/\/additioapp.com\/ca\/additio-app-el-teu-partner-de-digitalitzacio-per-a-educacio\/\"]}]},{\"@type\":\"ImageObject\",\"inLanguage\":\"ca\",\"@id\":\"https:\/\/additioapp.com\/ca\/additio-app-el-teu-partner-de-digitalitzacio-per-a-educacio\/#primaryimage\",\"url\":\"https:\/\/additioapp.com\/wp-content\/uploads\/2024\/02\/portada-2.png\",\"contentUrl\":\"https:\/\/additioapp.com\/wp-content\/uploads\/2024\/02\/portada-2.png\",\"width\":1999,\"height\":1102},{\"@type\":\"BreadcrumbList\",\"@id\":\"https:\/\/additioapp.com\/ca\/additio-app-el-teu-partner-de-digitalitzacio-per-a-educacio\/#breadcrumb\",\"itemListElement\":[{\"@type\":\"ListItem\",\"position\":1,\"name\":\"Portada\",\"item\":\"https:\/\/additioapp.com\/ca\/\"},{\"@type\":\"ListItem\",\"position\":2,\"name\":\"Additio App, el teu partner de digitalitzaci\u00f3 per a educaci\u00f3\"}]},{\"@type\":\"WebSite\",\"@id\":\"https:\/\/additioapp.com\/#website\",\"url\":\"https:\/\/additioapp.com\/\",\"name\":\"Additio App\",\"description\":\"Plataforma de gesti\u00f3 escolar de nova generaci\u00f3\",\"publisher\":{\"@id\":\"https:\/\/additioapp.com\/#organization\"},\"potentialAction\":[{\"@type\":\"SearchAction\",\"target\":{\"@type\":\"EntryPoint\",\"urlTemplate\":\"https:\/\/additioapp.com\/?s={search_term_string}\"},\"query-input\":{\"@type\":\"PropertyValueSpecification\",\"valueRequired\":true,\"valueName\":\"search_term_string\"}}],\"inLanguage\":\"ca\"},{\"@type\":\"Organization\",\"@id\":\"https:\/\/additioapp.com\/#organization\",\"name\":\"Additio App\",\"url\":\"https:\/\/additioapp.com\/\",\"logo\":{\"@type\":\"ImageObject\",\"inLanguage\":\"ca\",\"@id\":\"https:\/\/additioapp.com\/#\/schema\/logo\/image\/\",\"url\":\"https:\/\/additioapp.com\/wp-content\/uploads\/2026\/03\/logo-web-by-seven.svg\",\"contentUrl\":\"https:\/\/additioapp.com\/wp-content\/uploads\/2026\/03\/logo-web-by-seven.svg\",\"caption\":\"Additio App\"},\"image\":{\"@id\":\"https:\/\/additioapp.com\/#\/schema\/logo\/image\/\"}},{\"@type\":\"Person\",\"@id\":\"https:\/\/additioapp.com\/#\/schema\/person\/e2cbf614ee88414e795aff41430f8476\",\"name\":\"Ivet Cano\",\"image\":{\"@type\":\"ImageObject\",\"inLanguage\":\"ca\",\"@id\":\"https:\/\/additioapp.com\/#\/schema\/person\/image\/\",\"url\":\"https:\/\/secure.gravatar.com\/avatar\/ed6ed3419bb06c8fd8e1c15011570cc9ccb473dabb3a00ef1ff4a81ed68369d9?s=96&d=mm&r=g\",\"contentUrl\":\"https:\/\/secure.gravatar.com\/avatar\/ed6ed3419bb06c8fd8e1c15011570cc9ccb473dabb3a00ef1ff4a81ed68369d9?s=96&d=mm&r=g\",\"caption\":\"Ivet Cano\"}}]}<\/script>\n<!-- \/ Yoast SEO plugin. -->","yoast_head_json":{"title":"Additio App, el teu partner de digitalitzaci\u00f3 per a educaci\u00f3 - Additio App","description":"\u00bfBuscas una herramienta para digitalizar la educaci\u00f3n? Additio App es tu partner de digitalizaci\u00f3n para la educaci\u00f3n.","robots":{"index":"index","follow":"follow","max-snippet":"max-snippet:-1","max-image-preview":"max-image-preview:large","max-video-preview":"max-video-preview:-1"},"canonical":"https:\/\/additioapp.com\/ca\/additio-app-el-teu-partner-de-digitalitzacio-per-a-educacio\/","og_locale":"ca_ES","og_type":"article","og_title":"Additio App, el teu partner de digitalitzaci\u00f3 per a educaci\u00f3 - Additio App","og_description":"\u00bfBuscas una herramienta para digitalizar la educaci\u00f3n? Additio App es tu partner de digitalizaci\u00f3n para la educaci\u00f3n.","og_url":"https:\/\/additioapp.com\/ca\/additio-app-el-teu-partner-de-digitalitzacio-per-a-educacio\/","og_site_name":"Additio App","article_published_time":"2024-02-26T10:15:18+00:00","article_modified_time":"2024-02-26T10:24:25+00:00","og_image":[{"width":1024,"height":565,"url":"https:\/\/additioapp.com\/wp-content\/uploads\/2024\/02\/portada-2-1024x565.png","type":"image\/png"}],"author":"Ivet Cano","twitter_card":"summary_large_image","twitter_misc":{"Escrit per":"Ivet Cano","Temps estimat de lectura":"5 minuts"},"schema":{"@context":"https:\/\/schema.org","@graph":[{"@type":"Article","@id":"https:\/\/additioapp.com\/ca\/additio-app-el-teu-partner-de-digitalitzacio-per-a-educacio\/#article","isPartOf":{"@id":"https:\/\/additioapp.com\/ca\/additio-app-el-teu-partner-de-digitalitzacio-per-a-educacio\/"},"author":{"name":"Ivet Cano","@id":"https:\/\/additioapp.com\/#\/schema\/person\/e2cbf614ee88414e795aff41430f8476"},"headline":"Additio App, el teu partner de digitalitzaci\u00f3 per a educaci\u00f3","datePublished":"2024-02-26T10:15:18+00:00","dateModified":"2024-02-26T10:24:25+00:00","mainEntityOfPage":{"@id":"https:\/\/additioapp.com\/ca\/additio-app-el-teu-partner-de-digitalitzacio-per-a-educacio\/"},"wordCount":898,"publisher":{"@id":"https:\/\/additioapp.com\/#organization"},"image":{"@id":"https:\/\/additioapp.com\/ca\/additio-app-el-teu-partner-de-digitalitzacio-per-a-educacio\/#primaryimage"},"thumbnailUrl":"https:\/\/additioapp.com\/wp-content\/uploads\/2024\/02\/portada-2.png","articleSection":["Novetats"],"inLanguage":"ca"},{"@type":"WebPage","@id":"https:\/\/additioapp.com\/ca\/additio-app-el-teu-partner-de-digitalitzacio-per-a-educacio\/","url":"https:\/\/additioapp.com\/ca\/additio-app-el-teu-partner-de-digitalitzacio-per-a-educacio\/","name":"Additio App, el teu partner de digitalitzaci\u00f3 per a educaci\u00f3 - Additio App","isPartOf":{"@id":"https:\/\/additioapp.com\/#website"},"primaryImageOfPage":{"@id":"https:\/\/additioapp.com\/ca\/additio-app-el-teu-partner-de-digitalitzacio-per-a-educacio\/#primaryimage"},"image":{"@id":"https:\/\/additioapp.com\/ca\/additio-app-el-teu-partner-de-digitalitzacio-per-a-educacio\/#primaryimage"},"thumbnailUrl":"https:\/\/additioapp.com\/wp-content\/uploads\/2024\/02\/portada-2.png","datePublished":"2024-02-26T10:15:18+00:00","dateModified":"2024-02-26T10:24:25+00:00","description":"\u00bfBuscas una herramienta para digitalizar la educaci\u00f3n? Additio App es tu partner de digitalizaci\u00f3n para la educaci\u00f3n.","breadcrumb":{"@id":"https:\/\/additioapp.com\/ca\/additio-app-el-teu-partner-de-digitalitzacio-per-a-educacio\/#breadcrumb"},"inLanguage":"ca","potentialAction":[{"@type":"ReadAction","target":["https:\/\/additioapp.com\/ca\/additio-app-el-teu-partner-de-digitalitzacio-per-a-educacio\/"]}]},{"@type":"ImageObject","inLanguage":"ca","@id":"https:\/\/additioapp.com\/ca\/additio-app-el-teu-partner-de-digitalitzacio-per-a-educacio\/#primaryimage","url":"https:\/\/additioapp.com\/wp-content\/uploads\/2024\/02\/portada-2.png","contentUrl":"https:\/\/additioapp.com\/wp-content\/uploads\/2024\/02\/portada-2.png","width":1999,"height":1102},{"@type":"BreadcrumbList","@id":"https:\/\/additioapp.com\/ca\/additio-app-el-teu-partner-de-digitalitzacio-per-a-educacio\/#breadcrumb","itemListElement":[{"@type":"ListItem","position":1,"name":"Portada","item":"https:\/\/additioapp.com\/ca\/"},{"@type":"ListItem","position":2,"name":"Additio App, el teu partner de digitalitzaci\u00f3 per a educaci\u00f3"}]},{"@type":"WebSite","@id":"https:\/\/additioapp.com\/#website","url":"https:\/\/additioapp.com\/","name":"Additio App","description":"Plataforma de gesti\u00f3 escolar de nova generaci\u00f3","publisher":{"@id":"https:\/\/additioapp.com\/#organization"},"potentialAction":[{"@type":"SearchAction","target":{"@type":"EntryPoint","urlTemplate":"https:\/\/additioapp.com\/?s={search_term_string}"},"query-input":{"@type":"PropertyValueSpecification","valueRequired":true,"valueName":"search_term_string"}}],"inLanguage":"ca"},{"@type":"Organization","@id":"https:\/\/additioapp.com\/#organization","name":"Additio App","url":"https:\/\/additioapp.com\/","logo":{"@type":"ImageObject","inLanguage":"ca","@id":"https:\/\/additioapp.com\/#\/schema\/logo\/image\/","url":"https:\/\/additioapp.com\/wp-content\/uploads\/2026\/03\/logo-web-by-seven.svg","contentUrl":"https:\/\/additioapp.com\/wp-content\/uploads\/2026\/03\/logo-web-by-seven.svg","caption":"Additio App"},"image":{"@id":"https:\/\/additioapp.com\/#\/schema\/logo\/image\/"}},{"@type":"Person","@id":"https:\/\/additioapp.com\/#\/schema\/person\/e2cbf614ee88414e795aff41430f8476","name":"Ivet Cano","image":{"@type":"ImageObject","inLanguage":"ca","@id":"https:\/\/additioapp.com\/#\/schema\/person\/image\/","url":"https:\/\/secure.gravatar.com\/avatar\/ed6ed3419bb06c8fd8e1c15011570cc9ccb473dabb3a00ef1ff4a81ed68369d9?s=96&d=mm&r=g","contentUrl":"https:\/\/secure.gravatar.com\/avatar\/ed6ed3419bb06c8fd8e1c15011570cc9ccb473dabb3a00ef1ff4a81ed68369d9?s=96&d=mm&r=g","caption":"Ivet Cano"}}]}},"_links":{"self":[{"href":"https:\/\/additioapp.com\/ca\/wp-json\/wp\/v2\/posts\/28249","targetHints":{"allow":["GET"]}}],"collection":[{"href":"https:\/\/additioapp.com\/ca\/wp-json\/wp\/v2\/posts"}],"about":[{"href":"https:\/\/additioapp.com\/ca\/wp-json\/wp\/v2\/types\/post"}],"author":[{"embeddable":true,"href":"https:\/\/additioapp.com\/ca\/wp-json\/wp\/v2\/users\/7"}],"replies":[{"embeddable":true,"href":"https:\/\/additioapp.com\/ca\/wp-json\/wp\/v2\/comments?post=28249"}],"version-history":[{"count":1,"href":"https:\/\/additioapp.com\/ca\/wp-json\/wp\/v2\/posts\/28249\/revisions"}],"predecessor-version":[{"id":28251,"href":"https:\/\/additioapp.com\/ca\/wp-json\/wp\/v2\/posts\/28249\/revisions\/28251"}],"wp:featuredmedia":[{"embeddable":true,"href":"https:\/\/additioapp.com\/ca\/wp-json\/wp\/v2\/media\/28242"}],"wp:attachment":[{"href":"https:\/\/additioapp.com\/ca\/wp-json\/wp\/v2\/media?parent=28249"}],"wp:term":[{"taxonomy":"category","embeddable":true,"href":"https:\/\/additioapp.com\/ca\/wp-json\/wp\/v2\/categories?post=28249"},{"taxonomy":"post_tag","embeddable":true,"href":"https:\/\/additioapp.com\/ca\/wp-json\/wp\/v2\/tags?post=28249"}],"curies":[{"name":"wp","href":"https:\/\/api.w.org\/{rel}","templated":true}]}}