{"id":25939,"date":"2023-06-20T06:40:36","date_gmt":"2023-06-20T06:40:36","guid":{"rendered":"https:\/\/additioapp.com\/novedad-llega-el-generador-de-horarios-de-additio-app\/"},"modified":"2023-06-20T06:49:50","modified_gmt":"2023-06-20T06:49:50","slug":"novetat-arriba-el-generador-horaris-additio-app","status":"publish","type":"post","link":"https:\/\/additioapp.com\/ca\/novetat-arriba-el-generador-horaris-additio-app\/","title":{"rendered":"Novetat: arriba el generador d&#8217;horaris d&#8217;Additio App!"},"content":{"rendered":"\n<p>Sabem que \u00e9s una de les funcionalitats m\u00e9s demandades, i ja \u00e9s aqu\u00ed! Amb el nou generador d&#8217;horaris d&#8217;Additio\u00a0App, podr\u00e0s crear autom\u00e0ticament i en pocs minuts els horaris del teu centre. Gr\u00e0cies a l&#8217;ajuda de la intel\u00b7lig\u00e8ncia artificial, optimitzar\u00e0s l&#8217;assignaci\u00f3 de classes, professorat i espais.<\/p>\n\n\n\n<p>Vols saber m\u00e9s sobre aquest nou m\u00f2dul? Continua llegint i queda&#8217;t fins al final per a saber quan podr\u00e0s provar-lo.<\/p>\n\n\n\n<div style=\"height:10px\" aria-hidden=\"true\" class=\"wp-block-spacer\"><\/div>\n\n\n\n<figure class=\"wp-block-image\"><img decoding=\"async\" src=\"https:\/\/lh5.googleusercontent.com\/lypS2vryiLrKm1PpNdxUTql2UxN66bUGyBnNgmwsxEEd9BcZvPOK4A3RZeMmrRhrvNw5dSc4kVwxjwq80-av1sdqn1UTcnHQJGU22dnviGztuxYZz16pLuo_4Lnz7R9R1RjUv6ndelN3\" alt=\"\"\/><figcaption class=\"wp-element-caption\">Imatge de rawpixel.com a Freepik, amb disseny propi del generador d&#8217;horaris<\/figcaption><\/figure>\n\n\n\n<div style=\"height:70px\" aria-hidden=\"true\" class=\"wp-block-spacer\"><\/div>\n\n\n\n<p><\/p>\n\n\n\n<h2 class=\"wp-block-heading\">En qu\u00e8 consisteix el nou generador d&#8217;horaris d&#8217;Additio\u00a0App?<\/h2>\n\n\n\n<div style=\"height:10px\" aria-hidden=\"true\" class=\"wp-block-spacer\"><\/div>\n\n\n\n<p>Nom\u00e9s de pensar a crear els horaris del pr\u00f2xim curs ja tremoles? Consideres que la creaci\u00f3 d&#8217;horaris \u00e9s un proc\u00e9s farrag\u00f3s que et treu moltes hores? Desitjaries fer clic amb els dits i tenir un horari perfecte davant de tu?<\/p>\n\n\n\n<p>Amb el nou generador d&#8217;horaris d&#8217;Additio\u00a0App,<strong> convertir\u00e0s la creaci\u00f3 d&#8217;horaris en un joc de nens, deixant enrere la complexitat que suposa fer-los manualment.<\/strong><\/p>\n\n\n\n<p>I en qu\u00e8 consisteix exactament el generador d&#8217;horaris? Doncs es tracta d&#8217;un m\u00f2dul addicional a\u00a0Additio\u00a0App, amb el qual gr\u00e0cies al poder de la intel\u00b7lig\u00e8ncia artificial, trobar\u00e0s la millor combinaci\u00f3 d&#8217;horaris en pocs minuts. Es tracta d&#8217;un algorisme \u00fanic, fet per investigadors a Su\u00e8cia i validat en molts centres educatius a Europa.<\/p>\n\n\n\n<div style=\"height:30px\" aria-hidden=\"true\" class=\"wp-block-spacer\"><\/div>\n\n\n\n<h2 class=\"wp-block-heading\">Avantatges d&#8217;utilitzar el generador d&#8217;horaris d&#8217;Additio\u00a0App<\/h2>\n\n\n\n<div style=\"height:10px\" aria-hidden=\"true\" class=\"wp-block-spacer\"><\/div>\n\n\n\n<p>Et crida l&#8217;atenci\u00f3 el fet de poder crear els horaris autom\u00e0ticament? Aqu\u00ed tens alguns avantatges que has de considerar per a acabar de conv\u00e8ncer-te:<\/p>\n\n\n\n<div style=\"height:10px\" aria-hidden=\"true\" class=\"wp-block-spacer\"><\/div>\n\n\n\n<ul class=\"wp-block-list\">\n<li>L&#8217;eina compta amb una gran usabilitat: \u00e9s f\u00e0cil de fer servir, intu\u00eftiva, i s&#8217;apr\u00e8n a usar-la r\u00e0pidament.<\/li>\n\n\n\n<li>Et recolzar\u00e0s en la intel\u00b7lig\u00e8ncia artificial per a automatitzar la creaci\u00f3 d&#8217;horaris i aconseguir que sigui un proc\u00e9s r\u00e0pid i eficient.<\/li>\n\n\n\n<li>Eliminar\u00e0s hores invertides a crear i quadrar horaris, i eliminar\u00e0s errors que es generen en la creaci\u00f3 manual d&#8217;horaris.<\/li>\n\n\n\n<li>Podr\u00e0s fer canvis de manera \u00e0gil i autom\u00e0tica.<\/li>\n\n\n\n<li>Podr\u00e0s gestionar els desdoblaments de classe de manera f\u00e0cil i sense maldecaps.<\/li>\n\n\n\n<li>Tots aquells que necessitin visibilitat dels horaris, tindran acc\u00e9s de manera \u00e0gil i f\u00e0cil.<\/li>\n\n\n\n<li>Tindr\u00e0s diferents visualitzacions dels horaris, ja sigui per grups, per docents, o per espais.<\/li>\n<\/ul>\n\n\n\n<div style=\"height:30px\" aria-hidden=\"true\" class=\"wp-block-spacer\"><\/div>\n\n\n\n<h2 class=\"wp-block-heading\">Principals funcionalitats del generador d&#8217;horaris<\/h2>\n\n\n\n<div style=\"height:10px\" aria-hidden=\"true\" class=\"wp-block-spacer\"><\/div>\n\n\n\n<p>Amb el m\u00f2dul opcional de generaci\u00f3 d&#8217;horaris, aquestes s\u00f3n les funcionalitats a les quals tindr\u00e0s acc\u00e9s:<\/p>\n\n\n\n<div style=\"height:10px\" aria-hidden=\"true\" class=\"wp-block-spacer\"><\/div>\n\n\n\n<ul class=\"wp-block-list\">\n<li><strong>Creaci\u00f3 d&#8217;horaris en pocs minuts, amb el suport de la intel\u00b7lig\u00e8ncia artificial<\/strong>: tu tries si vols comen\u00e7ar de zero o importar dades. A m\u00e9s, podr\u00e0s configurar les prefer\u00e8ncies f\u00e0cilment, i fer canvis en temps real.<\/li>\n\n\n\n<li><strong>Alta personalitzaci\u00f3: <\/strong>pots personalitzar totalment els horaris, amb les teves opcions preferides.<\/li>\n\n\n\n<li><strong>F\u00e0cil resoluci\u00f3 de conflictes:<\/strong> La senzillesa d&#8217;\u00fas de l&#8217;eina t&#8217;ajuda a resoldre conflictes r\u00e0pidament i amb facilitat.<\/li>\n\n\n\n<li><strong>Acc\u00e9s per a m\u00faltiples usuaris:<\/strong> amb el generador d&#8217;horaris, pots gestionar permisos per a m\u00faltiples usuaris, amb calendaris compartits i edici\u00f3 col\u00b7laborativa a temps real.<\/li>\n\n\n\n<li><strong>Connectat a\u00a0Additio\u00a0App:<\/strong> pots compartir els horaris amb la comunitat educativa de forma molt f\u00e0cil i r\u00e0pida.<\/li>\n<\/ul>\n\n\n\n<div style=\"height:10px\" aria-hidden=\"true\" class=\"wp-block-spacer\"><\/div>\n\n\n\n<p>A continuaci\u00f3 pots veure algunes imatges de com \u00e9s el generador d&#8217;horaris:<\/p>\n\n\n\n<div style=\"height:10px\" aria-hidden=\"true\" class=\"wp-block-spacer\"><\/div>\n\n\n\n<figure class=\"wp-block-image\"><img decoding=\"async\" src=\"https:\/\/lh4.googleusercontent.com\/Z20IN1IDm6z9cHK2WPUpYKMZpN0lU1g_-NS58mlWYHbA0w0HzMhfWFze-38tyePa1x3SsUjuGWK365QpDOdo6NcQ7RKP7SDVbnDVJrkBaKlaAr1WRF1ATowrKbOfiY3Lv0YHl4yrWClD\" alt=\"\"\/><\/figure>\n\n\n\n<div style=\"height:20px\" aria-hidden=\"true\" class=\"wp-block-spacer\"><\/div>\n\n\n\n<figure class=\"wp-block-image\"><img decoding=\"async\" src=\"https:\/\/lh5.googleusercontent.com\/SOZqsSfssfLZfKl6MjloZZJ-X2dh4zWwPdrYC92uNFd34_rtk1DB36GWoFOYEDqQEsWImS87LCaNinnvLTDPjxaUDilLV4U1CpPODUlwS9a92_pzgA3QO3Iz3l8Fpqi_hhP9f0DJ6xtK\" alt=\"\"\/><\/figure>\n\n\n\n<div style=\"height:70px\" aria-hidden=\"true\" class=\"wp-block-spacer\"><\/div>\n\n\n\n<h2 class=\"wp-block-heading\">Qui es beneficiar\u00e0 d&#8217;aquesta novetat?<\/h2>\n\n\n\n<div style=\"height:10px\" aria-hidden=\"true\" class=\"wp-block-spacer\"><\/div>\n\n\n\n<p>El generador d&#8217;horaris \u00e9s una eina que sens dubte ser\u00e0 \u00fatil per a tota la comunitat educativa, i m\u00e9s espec\u00edficament per a:<\/p>\n\n\n\n<div style=\"height:10px\" aria-hidden=\"true\" class=\"wp-block-spacer\"><\/div>\n\n\n\n<ul class=\"wp-block-list\">\n<li><strong>Equip directiu:<\/strong> s&#8217;aconsegueix un estalvi de temps i recursos, i es pot realitzar una gesti\u00f3 integral del centre des d&#8217;una \u00fanica plataforma com \u00e9s\u00a0Additio\u00a0App.<\/li>\n\n\n\n<li><strong>Professorat<\/strong>: Tenen visibilitat dels seus horaris, podent fer els canvis convenients.<\/li>\n\n\n\n<li><strong>Alumnat i fam\u00edlies: <\/strong>Tenen visibilitat en temps real dels horaris, aconseguint la millora dels resultats acad\u00e8mics.<\/li>\n\n\n\n<li><strong>Responsable de crear els horaris:<\/strong> Estalvien m\u00e9s del 95% del temps dedicat a aquesta tasca, i tenen flexibilitat per a fer canvis.<\/li>\n<\/ul>\n\n\n\n<div style=\"height:30px\" aria-hidden=\"true\" class=\"wp-block-spacer\"><\/div>\n\n\n\n<h3 class=\"wp-block-heading\">T&#8217;animes a provar-ho?<\/h3>\n\n\n\n<div style=\"height:10px\" aria-hidden=\"true\" class=\"wp-block-spacer\"><\/div>\n\n\n\n<p>Si vols obtenir m\u00e9s informaci\u00f3 sobre el <a href=\"https:\/\/additioapp.com\/ca\/generador-horaris\/\" target=\"_blank\" rel=\"noreferrer noopener\">generador d&#8217;horaris d&#8217;Additio\u00a0App<\/a>, no dubtis a contactar-nos a <a href=\"mailto:info@additioapp.com\" target=\"_blank\" rel=\"noreferrer noopener\">info@additioapp.com<\/a>, i un assessor pedag\u00f2gic es posar\u00e0 en contacte amb tu per a oferir-te la millor soluci\u00f3 atenent les teves necessitats.<\/p>\n\n\n\n<p>Ja hi ha centres fent-ho servir, amb molt bons resultats. Vols que el teu centre sigui el pr\u00f2xim? Contacta&#8217;ns!<\/p>\n","protected":false},"excerpt":{"rendered":"<p>Sabem que \u00e9s una de les funcionalitats m\u00e9s demandades, i ja \u00e9s aqu\u00ed! Amb el nou generador d&#8217;horaris d&#8217;Additio\u00a0App, podr\u00e0s crear autom\u00e0ticament i en pocs minuts els horaris del teu centre. Gr\u00e0cies a l&#8217;ajuda de la intel\u00b7lig\u00e8ncia artificial, optimitzar\u00e0s l&#8217;assignaci\u00f3 de classes, professorat i espais. Vols saber m\u00e9s sobre aquest nou m\u00f2dul? Continua llegint i [&hellip;]<\/p>\n","protected":false},"author":7,"featured_media":25929,"comment_status":"closed","ping_status":"closed","sticky":false,"template":"","format":"standard","meta":{"_acf_changed":false,"inline_featured_image":false,"footnotes":""},"categories":[192],"tags":[],"class_list":["post-25939","post","type-post","status-publish","format-standard","has-post-thumbnail","hentry","category-novetats"],"acf":[],"yoast_head":"<!-- This site is optimized with the Yoast SEO plugin v26.1.1 - https:\/\/yoast.com\/wordpress\/plugins\/seo\/ -->\n<title>Novetat: arriba el generador d&#039;horaris d&#039;Additio App! - Additio App<\/title>\n<meta name=\"description\" content=\"Descobreix en qu\u00e8 consisteix el nou m\u00f2dul de generador d&#039;horaris d&#039;Additio App i com et pot ajudar en la gesti\u00f3 escolar.\" \/>\n<meta name=\"robots\" content=\"index, follow, max-snippet:-1, max-image-preview:large, max-video-preview:-1\" \/>\n<link rel=\"canonical\" href=\"https:\/\/additioapp.com\/ca\/novetat-arriba-el-generador-horaris-additio-app\/\" \/>\n<meta property=\"og:locale\" content=\"ca_ES\" \/>\n<meta property=\"og:type\" content=\"article\" \/>\n<meta property=\"og:title\" content=\"Novetat: arriba el generador d&#039;horaris d&#039;Additio App! - Additio App\" \/>\n<meta property=\"og:description\" content=\"Descobreix en qu\u00e8 consisteix el nou m\u00f2dul de generador d&#039;horaris d&#039;Additio App i com et pot ajudar en la gesti\u00f3 escolar.\" \/>\n<meta property=\"og:url\" content=\"https:\/\/additioapp.com\/ca\/novetat-arriba-el-generador-horaris-additio-app\/\" \/>\n<meta property=\"og:site_name\" content=\"Additio App\" \/>\n<meta property=\"article:published_time\" content=\"2023-06-20T06:40:36+00:00\" \/>\n<meta property=\"article:modified_time\" content=\"2023-06-20T06:49:50+00:00\" \/>\n<meta property=\"og:image\" content=\"https:\/\/additioapp.com\/wp-content\/uploads\/2023\/06\/portada-2-1024x572.png\" \/>\n\t<meta property=\"og:image:width\" content=\"1024\" \/>\n\t<meta property=\"og:image:height\" content=\"572\" \/>\n\t<meta property=\"og:image:type\" content=\"image\/png\" \/>\n<meta name=\"author\" content=\"Ivet Cano\" \/>\n<meta name=\"twitter:card\" content=\"summary_large_image\" \/>\n<meta name=\"twitter:label1\" content=\"Escrit per\" \/>\n\t<meta name=\"twitter:data1\" content=\"Ivet Cano\" \/>\n\t<meta name=\"twitter:label2\" content=\"Temps estimat de lectura\" \/>\n\t<meta name=\"twitter:data2\" content=\"4 minuts\" \/>\n<script type=\"application\/ld+json\" class=\"yoast-schema-graph\">{\"@context\":\"https:\/\/schema.org\",\"@graph\":[{\"@type\":\"Article\",\"@id\":\"https:\/\/additioapp.com\/ca\/novetat-arriba-el-generador-horaris-additio-app\/#article\",\"isPartOf\":{\"@id\":\"https:\/\/additioapp.com\/ca\/novetat-arriba-el-generador-horaris-additio-app\/\"},\"author\":{\"name\":\"Ivet Cano\",\"@id\":\"https:\/\/additioapp.com\/#\/schema\/person\/e2cbf614ee88414e795aff41430f8476\"},\"headline\":\"Novetat: arriba el generador d&#8217;horaris d&#8217;Additio App!\",\"datePublished\":\"2023-06-20T06:40:36+00:00\",\"dateModified\":\"2023-06-20T06:49:50+00:00\",\"mainEntityOfPage\":{\"@id\":\"https:\/\/additioapp.com\/ca\/novetat-arriba-el-generador-horaris-additio-app\/\"},\"wordCount\":759,\"publisher\":{\"@id\":\"https:\/\/additioapp.com\/#organization\"},\"image\":{\"@id\":\"https:\/\/additioapp.com\/ca\/novetat-arriba-el-generador-horaris-additio-app\/#primaryimage\"},\"thumbnailUrl\":\"https:\/\/additioapp.com\/wp-content\/uploads\/2023\/06\/portada-2.png\",\"articleSection\":[\"Novetats\"],\"inLanguage\":\"ca\"},{\"@type\":\"WebPage\",\"@id\":\"https:\/\/additioapp.com\/ca\/novetat-arriba-el-generador-horaris-additio-app\/\",\"url\":\"https:\/\/additioapp.com\/ca\/novetat-arriba-el-generador-horaris-additio-app\/\",\"name\":\"Novetat: arriba el generador d'horaris d'Additio App! - Additio App\",\"isPartOf\":{\"@id\":\"https:\/\/additioapp.com\/#website\"},\"primaryImageOfPage\":{\"@id\":\"https:\/\/additioapp.com\/ca\/novetat-arriba-el-generador-horaris-additio-app\/#primaryimage\"},\"image\":{\"@id\":\"https:\/\/additioapp.com\/ca\/novetat-arriba-el-generador-horaris-additio-app\/#primaryimage\"},\"thumbnailUrl\":\"https:\/\/additioapp.com\/wp-content\/uploads\/2023\/06\/portada-2.png\",\"datePublished\":\"2023-06-20T06:40:36+00:00\",\"dateModified\":\"2023-06-20T06:49:50+00:00\",\"description\":\"Descobreix en qu\u00e8 consisteix el nou m\u00f2dul de generador d'horaris d'Additio App i com et pot ajudar en la gesti\u00f3 escolar.\",\"breadcrumb\":{\"@id\":\"https:\/\/additioapp.com\/ca\/novetat-arriba-el-generador-horaris-additio-app\/#breadcrumb\"},\"inLanguage\":\"ca\",\"potentialAction\":[{\"@type\":\"ReadAction\",\"target\":[\"https:\/\/additioapp.com\/ca\/novetat-arriba-el-generador-horaris-additio-app\/\"]}]},{\"@type\":\"ImageObject\",\"inLanguage\":\"ca\",\"@id\":\"https:\/\/additioapp.com\/ca\/novetat-arriba-el-generador-horaris-additio-app\/#primaryimage\",\"url\":\"https:\/\/additioapp.com\/wp-content\/uploads\/2023\/06\/portada-2.png\",\"contentUrl\":\"https:\/\/additioapp.com\/wp-content\/uploads\/2023\/06\/portada-2.png\",\"width\":4860,\"height\":2717},{\"@type\":\"BreadcrumbList\",\"@id\":\"https:\/\/additioapp.com\/ca\/novetat-arriba-el-generador-horaris-additio-app\/#breadcrumb\",\"itemListElement\":[{\"@type\":\"ListItem\",\"position\":1,\"name\":\"Portada\",\"item\":\"https:\/\/additioapp.com\/ca\/\"},{\"@type\":\"ListItem\",\"position\":2,\"name\":\"Novetat: arriba el generador d&#8217;horaris d&#8217;Additio App!\"}]},{\"@type\":\"WebSite\",\"@id\":\"https:\/\/additioapp.com\/#website\",\"url\":\"https:\/\/additioapp.com\/\",\"name\":\"Additio App\",\"description\":\"Plataforma de gesti\u00f3 escolar de nova generaci\u00f3\",\"publisher\":{\"@id\":\"https:\/\/additioapp.com\/#organization\"},\"potentialAction\":[{\"@type\":\"SearchAction\",\"target\":{\"@type\":\"EntryPoint\",\"urlTemplate\":\"https:\/\/additioapp.com\/?s={search_term_string}\"},\"query-input\":{\"@type\":\"PropertyValueSpecification\",\"valueRequired\":true,\"valueName\":\"search_term_string\"}}],\"inLanguage\":\"ca\"},{\"@type\":\"Organization\",\"@id\":\"https:\/\/additioapp.com\/#organization\",\"name\":\"Additio App\",\"url\":\"https:\/\/additioapp.com\/\",\"logo\":{\"@type\":\"ImageObject\",\"inLanguage\":\"ca\",\"@id\":\"https:\/\/additioapp.com\/#\/schema\/logo\/image\/\",\"url\":\"https:\/\/additioapp.com\/wp-content\/uploads\/2026\/03\/logo-web-by-seven.svg\",\"contentUrl\":\"https:\/\/additioapp.com\/wp-content\/uploads\/2026\/03\/logo-web-by-seven.svg\",\"caption\":\"Additio App\"},\"image\":{\"@id\":\"https:\/\/additioapp.com\/#\/schema\/logo\/image\/\"}},{\"@type\":\"Person\",\"@id\":\"https:\/\/additioapp.com\/#\/schema\/person\/e2cbf614ee88414e795aff41430f8476\",\"name\":\"Ivet Cano\",\"image\":{\"@type\":\"ImageObject\",\"inLanguage\":\"ca\",\"@id\":\"https:\/\/additioapp.com\/#\/schema\/person\/image\/\",\"url\":\"https:\/\/secure.gravatar.com\/avatar\/ed6ed3419bb06c8fd8e1c15011570cc9ccb473dabb3a00ef1ff4a81ed68369d9?s=96&d=mm&r=g\",\"contentUrl\":\"https:\/\/secure.gravatar.com\/avatar\/ed6ed3419bb06c8fd8e1c15011570cc9ccb473dabb3a00ef1ff4a81ed68369d9?s=96&d=mm&r=g\",\"caption\":\"Ivet Cano\"}}]}<\/script>\n<!-- \/ Yoast SEO plugin. -->","yoast_head_json":{"title":"Novetat: arriba el generador d'horaris d'Additio App! - Additio App","description":"Descobreix en qu\u00e8 consisteix el nou m\u00f2dul de generador d'horaris d'Additio App i com et pot ajudar en la gesti\u00f3 escolar.","robots":{"index":"index","follow":"follow","max-snippet":"max-snippet:-1","max-image-preview":"max-image-preview:large","max-video-preview":"max-video-preview:-1"},"canonical":"https:\/\/additioapp.com\/ca\/novetat-arriba-el-generador-horaris-additio-app\/","og_locale":"ca_ES","og_type":"article","og_title":"Novetat: arriba el generador d'horaris d'Additio App! - Additio App","og_description":"Descobreix en qu\u00e8 consisteix el nou m\u00f2dul de generador d'horaris d'Additio App i com et pot ajudar en la gesti\u00f3 escolar.","og_url":"https:\/\/additioapp.com\/ca\/novetat-arriba-el-generador-horaris-additio-app\/","og_site_name":"Additio App","article_published_time":"2023-06-20T06:40:36+00:00","article_modified_time":"2023-06-20T06:49:50+00:00","og_image":[{"width":1024,"height":572,"url":"https:\/\/additioapp.com\/wp-content\/uploads\/2023\/06\/portada-2-1024x572.png","type":"image\/png"}],"author":"Ivet Cano","twitter_card":"summary_large_image","twitter_misc":{"Escrit per":"Ivet Cano","Temps estimat de lectura":"4 minuts"},"schema":{"@context":"https:\/\/schema.org","@graph":[{"@type":"Article","@id":"https:\/\/additioapp.com\/ca\/novetat-arriba-el-generador-horaris-additio-app\/#article","isPartOf":{"@id":"https:\/\/additioapp.com\/ca\/novetat-arriba-el-generador-horaris-additio-app\/"},"author":{"name":"Ivet Cano","@id":"https:\/\/additioapp.com\/#\/schema\/person\/e2cbf614ee88414e795aff41430f8476"},"headline":"Novetat: arriba el generador d&#8217;horaris d&#8217;Additio App!","datePublished":"2023-06-20T06:40:36+00:00","dateModified":"2023-06-20T06:49:50+00:00","mainEntityOfPage":{"@id":"https:\/\/additioapp.com\/ca\/novetat-arriba-el-generador-horaris-additio-app\/"},"wordCount":759,"publisher":{"@id":"https:\/\/additioapp.com\/#organization"},"image":{"@id":"https:\/\/additioapp.com\/ca\/novetat-arriba-el-generador-horaris-additio-app\/#primaryimage"},"thumbnailUrl":"https:\/\/additioapp.com\/wp-content\/uploads\/2023\/06\/portada-2.png","articleSection":["Novetats"],"inLanguage":"ca"},{"@type":"WebPage","@id":"https:\/\/additioapp.com\/ca\/novetat-arriba-el-generador-horaris-additio-app\/","url":"https:\/\/additioapp.com\/ca\/novetat-arriba-el-generador-horaris-additio-app\/","name":"Novetat: arriba el generador d'horaris d'Additio App! - Additio App","isPartOf":{"@id":"https:\/\/additioapp.com\/#website"},"primaryImageOfPage":{"@id":"https:\/\/additioapp.com\/ca\/novetat-arriba-el-generador-horaris-additio-app\/#primaryimage"},"image":{"@id":"https:\/\/additioapp.com\/ca\/novetat-arriba-el-generador-horaris-additio-app\/#primaryimage"},"thumbnailUrl":"https:\/\/additioapp.com\/wp-content\/uploads\/2023\/06\/portada-2.png","datePublished":"2023-06-20T06:40:36+00:00","dateModified":"2023-06-20T06:49:50+00:00","description":"Descobreix en qu\u00e8 consisteix el nou m\u00f2dul de generador d'horaris d'Additio App i com et pot ajudar en la gesti\u00f3 escolar.","breadcrumb":{"@id":"https:\/\/additioapp.com\/ca\/novetat-arriba-el-generador-horaris-additio-app\/#breadcrumb"},"inLanguage":"ca","potentialAction":[{"@type":"ReadAction","target":["https:\/\/additioapp.com\/ca\/novetat-arriba-el-generador-horaris-additio-app\/"]}]},{"@type":"ImageObject","inLanguage":"ca","@id":"https:\/\/additioapp.com\/ca\/novetat-arriba-el-generador-horaris-additio-app\/#primaryimage","url":"https:\/\/additioapp.com\/wp-content\/uploads\/2023\/06\/portada-2.png","contentUrl":"https:\/\/additioapp.com\/wp-content\/uploads\/2023\/06\/portada-2.png","width":4860,"height":2717},{"@type":"BreadcrumbList","@id":"https:\/\/additioapp.com\/ca\/novetat-arriba-el-generador-horaris-additio-app\/#breadcrumb","itemListElement":[{"@type":"ListItem","position":1,"name":"Portada","item":"https:\/\/additioapp.com\/ca\/"},{"@type":"ListItem","position":2,"name":"Novetat: arriba el generador d&#8217;horaris d&#8217;Additio App!"}]},{"@type":"WebSite","@id":"https:\/\/additioapp.com\/#website","url":"https:\/\/additioapp.com\/","name":"Additio App","description":"Plataforma de gesti\u00f3 escolar de nova generaci\u00f3","publisher":{"@id":"https:\/\/additioapp.com\/#organization"},"potentialAction":[{"@type":"SearchAction","target":{"@type":"EntryPoint","urlTemplate":"https:\/\/additioapp.com\/?s={search_term_string}"},"query-input":{"@type":"PropertyValueSpecification","valueRequired":true,"valueName":"search_term_string"}}],"inLanguage":"ca"},{"@type":"Organization","@id":"https:\/\/additioapp.com\/#organization","name":"Additio App","url":"https:\/\/additioapp.com\/","logo":{"@type":"ImageObject","inLanguage":"ca","@id":"https:\/\/additioapp.com\/#\/schema\/logo\/image\/","url":"https:\/\/additioapp.com\/wp-content\/uploads\/2026\/03\/logo-web-by-seven.svg","contentUrl":"https:\/\/additioapp.com\/wp-content\/uploads\/2026\/03\/logo-web-by-seven.svg","caption":"Additio App"},"image":{"@id":"https:\/\/additioapp.com\/#\/schema\/logo\/image\/"}},{"@type":"Person","@id":"https:\/\/additioapp.com\/#\/schema\/person\/e2cbf614ee88414e795aff41430f8476","name":"Ivet Cano","image":{"@type":"ImageObject","inLanguage":"ca","@id":"https:\/\/additioapp.com\/#\/schema\/person\/image\/","url":"https:\/\/secure.gravatar.com\/avatar\/ed6ed3419bb06c8fd8e1c15011570cc9ccb473dabb3a00ef1ff4a81ed68369d9?s=96&d=mm&r=g","contentUrl":"https:\/\/secure.gravatar.com\/avatar\/ed6ed3419bb06c8fd8e1c15011570cc9ccb473dabb3a00ef1ff4a81ed68369d9?s=96&d=mm&r=g","caption":"Ivet Cano"}}]}},"_links":{"self":[{"href":"https:\/\/additioapp.com\/ca\/wp-json\/wp\/v2\/posts\/25939","targetHints":{"allow":["GET"]}}],"collection":[{"href":"https:\/\/additioapp.com\/ca\/wp-json\/wp\/v2\/posts"}],"about":[{"href":"https:\/\/additioapp.com\/ca\/wp-json\/wp\/v2\/types\/post"}],"author":[{"embeddable":true,"href":"https:\/\/additioapp.com\/ca\/wp-json\/wp\/v2\/users\/7"}],"replies":[{"embeddable":true,"href":"https:\/\/additioapp.com\/ca\/wp-json\/wp\/v2\/comments?post=25939"}],"version-history":[{"count":5,"href":"https:\/\/additioapp.com\/ca\/wp-json\/wp\/v2\/posts\/25939\/revisions"}],"predecessor-version":[{"id":25949,"href":"https:\/\/additioapp.com\/ca\/wp-json\/wp\/v2\/posts\/25939\/revisions\/25949"}],"wp:featuredmedia":[{"embeddable":true,"href":"https:\/\/additioapp.com\/ca\/wp-json\/wp\/v2\/media\/25929"}],"wp:attachment":[{"href":"https:\/\/additioapp.com\/ca\/wp-json\/wp\/v2\/media?parent=25939"}],"wp:term":[{"taxonomy":"category","embeddable":true,"href":"https:\/\/additioapp.com\/ca\/wp-json\/wp\/v2\/categories?post=25939"},{"taxonomy":"post_tag","embeddable":true,"href":"https:\/\/additioapp.com\/ca\/wp-json\/wp\/v2\/tags?post=25939"}],"curies":[{"name":"wp","href":"https:\/\/api.w.org\/{rel}","templated":true}]}}