{"id":24700,"date":"2023-04-18T09:40:17","date_gmt":"2023-04-18T09:40:17","guid":{"rendered":"https:\/\/additioapp.com\/?p=24700"},"modified":"2023-04-18T10:02:27","modified_gmt":"2023-04-18T10:02:27","slug":"additio-app-i-el-grup-europeu-sdui-sumen-forces","status":"publish","type":"post","link":"https:\/\/additioapp.com\/ca\/additio-app-i-el-grup-europeu-sdui-sumen-forces\/","title":{"rendered":"Additio App i el grup europeu Sdui sumen forces per seguir oferient les millors solucions digitals"},"content":{"rendered":"\n<p>Simplificar la vida quotidiana de les escoles i els docents d&#8217;Europa: aquest \u00e9s l&#8217;objectiu d&#8217;<strong>Additio App i de Sdui Group<\/strong>. Amb aquest prop\u00f2sit, <strong>sumem forces per construir el millor sistema operatiu per institucions educatives, Ministeris d&#8217;Educaci\u00f3 i docents, i seguir oferint les millors solucions digitals.<\/strong><\/p>\n\n\n\n<p>La fusi\u00f3 amb Sdui Group ens apropa m\u00e9s a l&#8217;objectiu de construir el sistema operatiu m\u00e9s complet per escoles i docents, ja que les caracter\u00edstiques dels altres productes de <strong>Sdui Group<\/strong> complementen les funcionalitats ja existents a Additio App. En particular, la comunicaci\u00f3, organitzaci\u00f3 i administraci\u00f3 escolar.<\/p>\n\n\n\n<p>Additio App s&#8217;uneix a la fam\u00edlia Sdui, juntament amb la plataforma alemanya de comunicaci\u00f3 <strong>Sdui<\/strong> (<a href=\"https:\/\/sdui.de\/?lang=es\" target=\"_blank\" rel=\"noreferrer noopener\">https:\/\/sdui.de\/?lang=es<\/a>), la plataforma de gesti\u00f3 escolar su\u00efssa <strong>Pupil<\/strong> (<a href=\"https:\/\/www.pupil.ch\/\" target=\"_blank\" rel=\"noreferrer noopener\">https:\/\/www.pupil.ch\/<\/a>) i la belga <strong>Konecto App<\/strong> (<a href=\"https:\/\/www.konectoapp.com\/\" target=\"_blank\" rel=\"noreferrer noopener\">https:\/\/www.konectoapp.com\/<\/a>), que ja formen part del grup educatiu.<\/p>\n\n\n\n<figure class=\"wp-block-image size-large\"><img loading=\"lazy\" decoding=\"async\" width=\"1024\" height=\"507\" src=\"https:\/\/additioapp.com\/wp-content\/uploads\/2023\/04\/additio-app-1024x507.png\" alt=\"\" class=\"wp-image-24689\" srcset=\"https:\/\/additioapp.com\/wp-content\/uploads\/2023\/04\/additio-app-1024x507.png 1024w, https:\/\/additioapp.com\/wp-content\/uploads\/2023\/04\/additio-app-300x149.png 300w, https:\/\/additioapp.com\/wp-content\/uploads\/2023\/04\/additio-app-768x380.png 768w, https:\/\/additioapp.com\/wp-content\/uploads\/2023\/04\/additio-app.png 1030w\" sizes=\"auto, (max-width: 1024px) 100vw, 1024px\" \/><\/figure>\n\n\n\n<div style=\"height:50px\" aria-hidden=\"true\" class=\"wp-block-spacer\"><\/div>\n\n\n\n<h2 class=\"wp-block-heading\"><strong>Qu\u00e8 significa la fusi\u00f3 amb Sdui Group pels usuaris d&#8217;institucions educatives i Ministeris d&#8217;Educaci\u00f3 que utilitzen Additio App?<\/strong><\/h2>\n\n\n\n<p>Amb la fusi\u00f3, noves funcionalitats i encara m\u00e9s coneixements s&#8217;uneixen sota el paraig\u00fces de Sdui Group, del que les escoles i els docents que utilitzen Additio App tamb\u00e9 es beneficiaran:<\/p>\n\n\n\n<div style=\"height:40px\" aria-hidden=\"true\" class=\"wp-block-spacer\"><\/div>\n\n\n\n<h3 class=\"wp-block-heading\"><strong>1) M\u00e9s temps pel que realment importa: ajudar a l&#8217;alumnat a desenvolupar de la millor manera possible<\/strong><\/h3>\n\n\n\n<p>A totes les solucions que ja ofereix Additio App per la gesti\u00f3 escolar (avaluaci\u00f3 formativa, an\u00e0lisis de l&#8217;aprenentatge, assist\u00e8ncia, planificaci\u00f3 acad\u00e8mica, r\u00fabriques, informes\u2026) s&#8217;uneixen les solucions de Sdui, Pupil i Konecto, que simplifiquen la comunicaci\u00f3 i l&#8217;organitzaci\u00f3 a escoles (amb xats, grups, not\u00edcies, horaris, notes de malaltia, comunicaci\u00f3 amb els pares i gesti\u00f3 d&#8217;arxius en el n\u00favol de l&#8217;escola, entre moltes altres solucions).<\/p>\n\n\n\n<p>En el futur, Sdui Group t\u00e9 com a objectiu combinar les fortaleses dels diferents productes per fer que el sistema operatiu estigui disponible per escoles i docents de tot el m\u00f3n.<\/p>\n\n\n\n<div style=\"height:40px\" aria-hidden=\"true\" class=\"wp-block-spacer\"><\/div>\n\n\n\n<h3 class=\"wp-block-heading\"><strong>2) L\u00edders en privacitat i seguretat de dades<\/strong><\/h3>\n\n\n\n<p>Les empreses de Sdui Group treballen pels Ministeris d&#8217;Educaci\u00f3 d&#8217;Alemanya, Su\u00efssa, Espanya, Regne Unit i Austr\u00e0lia, entre altres, essent coneguts per garantir els m\u00e0xims est\u00e0ndards en privacitat i seguretat de dades. L&#8217;operaci\u00f3 continuar\u00e0 potenciant les eines i assessorament en aquesta mat\u00e8ria i el compliment del GDPR per Additio App per expandir els acords i col\u00b7laboracions amb Conselleries i Ministeris d&#8217;Educaci\u00f3.<\/p>\n\n\n\n<div style=\"height:40px\" aria-hidden=\"true\" class=\"wp-block-spacer\"><\/div>\n\n\n\n<h3 class=\"wp-block-heading\"><strong>3) Millor equip i coneixement per escoles i docents<\/strong><\/h3>\n\n\n\n<p>La uni\u00f3 de l&#8217;equip d&#8217;Additio App amb els equips de Sdui Group permetr\u00e0 incrementar els coneixements i recursos per millorar encara m\u00e9s les solucions i els productes existents.<\/p>\n\n\n\n<div style=\"height:40px\" aria-hidden=\"true\" class=\"wp-block-spacer\"><\/div>\n\n\n\n<h3 class=\"wp-block-heading\"><strong>4) Pensat per institucions educatives, fet per experts en educaci\u00f3: una visi\u00f3 compartida<\/strong><\/h3>\n\n\n\n<p>L&#8217;exalumne Daniel Zacharias (Sdui), l&#8217;exprofessor Arber Wagner (Pupil) i el professor universitari Jordi Corominas (Additio App), fundadors de tres pa\u00efsos i amb diferents perspectives sobre un mateix desafiament, han sumat les seves forces: Preparar les institucions educatives europees pel segle XXI. Les ments darrere de Sdui Group saben de primera m\u00e0 quines solucions ha d&#8217;oferir la seva plataforma, per permetre un canvi decisiu en la vida quotidiana de l&#8217;escola i els docents.<\/p>\n\n\n\n<div style=\"height:70px\" aria-hidden=\"true\" class=\"wp-block-spacer\"><\/div>\n\n\n\n<h3 class=\"wp-block-heading\"><strong>Sobre Sdui Group<\/strong><\/h3>\n\n\n\n<p>Sdui es va fundar a Koblenz el 2018 i ara \u00e9s una de les empreses emergents de m\u00e9s r\u00e0pid creixement a la ind\u00fastria alemanya de tecnologia educativa com a Sdui Group. Com a soci de confian\u00e7a, guia a les institucions educatives, aix\u00ed com a les autoritats i ministeris responsables a trav\u00e9s del proc\u00e9s de digitalitzaci\u00f3 i desenvolupament del sistema operatiu per escoles i guarderies digitalitzades.<\/p>\n\n\n\n<p><strong>Actualment, amb la recent incorporaci\u00f3 d&#8217;Additio App, compte amb m\u00e9s de 200 treballadors i pres\u00e8ncia en m\u00e9s de 70 pa\u00efsos de tot el m\u00f3n. Un total de 13,000 institucions educatives utilitzen en l&#8217;actualitat la plataforma, aix\u00ed com milers de docents, fam\u00edlies i alumnat.<\/strong><\/p>\n","protected":false},"excerpt":{"rendered":"<p>Simplificar la vida quotidiana de les escoles i els docents d&#8217;Europa: aquest \u00e9s l&#8217;objectiu d&#8217;Additio App i de Sdui Group. Amb aquest prop\u00f2sit, sumem forces per construir el millor sistema operatiu per institucions educatives, Ministeris d&#8217;Educaci\u00f3 i docents, i seguir oferint les millors solucions digitals. La fusi\u00f3 amb Sdui Group ens apropa m\u00e9s a l&#8217;objectiu [&hellip;]<\/p>\n","protected":false},"author":2,"featured_media":24695,"comment_status":"closed","ping_status":"closed","sticky":false,"template":"","format":"standard","meta":{"_acf_changed":false,"inline_featured_image":false,"footnotes":""},"categories":[192],"tags":[],"class_list":["post-24700","post","type-post","status-publish","format-standard","has-post-thumbnail","hentry","category-novetats"],"acf":[],"yoast_head":"<!-- This site is optimized with the Yoast SEO plugin v26.1.1 - https:\/\/yoast.com\/wordpress\/plugins\/seo\/ -->\n<title>Additio App i el grup europeu Sdui sumen forces per seguir oferient les millors solucions digitals - Additio App<\/title>\n<meta name=\"description\" content=\"Additio App i Sdui Group sumen forces per construir el millor sistema operatiu per institucions educatives, Ministeris d&#039;Educaci\u00f3 i docents.\" \/>\n<meta name=\"robots\" content=\"index, follow, max-snippet:-1, max-image-preview:large, max-video-preview:-1\" \/>\n<link rel=\"canonical\" href=\"https:\/\/additioapp.com\/ca\/additio-app-i-el-grup-europeu-sdui-sumen-forces\/\" \/>\n<meta property=\"og:locale\" content=\"ca_ES\" \/>\n<meta property=\"og:type\" content=\"article\" \/>\n<meta property=\"og:title\" content=\"Additio App i el grup europeu Sdui sumen forces per seguir oferient les millors solucions digitals - Additio App\" \/>\n<meta property=\"og:description\" content=\"Additio App i Sdui Group sumen forces per construir el millor sistema operatiu per institucions educatives, Ministeris d&#039;Educaci\u00f3 i docents.\" \/>\n<meta property=\"og:url\" content=\"https:\/\/additioapp.com\/ca\/additio-app-i-el-grup-europeu-sdui-sumen-forces\/\" \/>\n<meta property=\"og:site_name\" content=\"Additio App\" \/>\n<meta property=\"article:published_time\" content=\"2023-04-18T09:40:17+00:00\" \/>\n<meta property=\"article:modified_time\" content=\"2023-04-18T10:02:27+00:00\" \/>\n<meta property=\"og:image\" content=\"https:\/\/additioapp.com\/wp-content\/uploads\/2023\/04\/sdui-additio.png\" \/>\n\t<meta property=\"og:image:width\" content=\"2560\" \/>\n\t<meta property=\"og:image:height\" content=\"1431\" \/>\n\t<meta property=\"og:image:type\" content=\"image\/png\" \/>\n<meta name=\"author\" content=\"Francesc\" \/>\n<meta name=\"twitter:card\" content=\"summary_large_image\" \/>\n<meta name=\"twitter:label1\" content=\"Escrit per\" \/>\n\t<meta name=\"twitter:data1\" content=\"Francesc\" \/>\n\t<meta name=\"twitter:label2\" content=\"Temps estimat de lectura\" \/>\n\t<meta name=\"twitter:data2\" content=\"3 minuts\" \/>\n<script type=\"application\/ld+json\" class=\"yoast-schema-graph\">{\"@context\":\"https:\/\/schema.org\",\"@graph\":[{\"@type\":\"Article\",\"@id\":\"https:\/\/additioapp.com\/ca\/additio-app-i-el-grup-europeu-sdui-sumen-forces\/#article\",\"isPartOf\":{\"@id\":\"https:\/\/additioapp.com\/ca\/additio-app-i-el-grup-europeu-sdui-sumen-forces\/\"},\"author\":{\"name\":\"Francesc\",\"@id\":\"https:\/\/additioapp.com\/#\/schema\/person\/b98a5d7aca00a402cc1a040e69a0a738\"},\"headline\":\"Additio App i el grup europeu Sdui sumen forces per seguir oferient les millors solucions digitals\",\"datePublished\":\"2023-04-18T09:40:17+00:00\",\"dateModified\":\"2023-04-18T10:02:27+00:00\",\"mainEntityOfPage\":{\"@id\":\"https:\/\/additioapp.com\/ca\/additio-app-i-el-grup-europeu-sdui-sumen-forces\/\"},\"wordCount\":671,\"publisher\":{\"@id\":\"https:\/\/additioapp.com\/#organization\"},\"image\":{\"@id\":\"https:\/\/additioapp.com\/ca\/additio-app-i-el-grup-europeu-sdui-sumen-forces\/#primaryimage\"},\"thumbnailUrl\":\"https:\/\/additioapp.com\/wp-content\/uploads\/2023\/04\/sdui-additio.png\",\"articleSection\":[\"Novetats\"],\"inLanguage\":\"ca\"},{\"@type\":\"WebPage\",\"@id\":\"https:\/\/additioapp.com\/ca\/additio-app-i-el-grup-europeu-sdui-sumen-forces\/\",\"url\":\"https:\/\/additioapp.com\/ca\/additio-app-i-el-grup-europeu-sdui-sumen-forces\/\",\"name\":\"Additio App i el grup europeu Sdui sumen forces per seguir oferient les millors solucions digitals - Additio App\",\"isPartOf\":{\"@id\":\"https:\/\/additioapp.com\/#website\"},\"primaryImageOfPage\":{\"@id\":\"https:\/\/additioapp.com\/ca\/additio-app-i-el-grup-europeu-sdui-sumen-forces\/#primaryimage\"},\"image\":{\"@id\":\"https:\/\/additioapp.com\/ca\/additio-app-i-el-grup-europeu-sdui-sumen-forces\/#primaryimage\"},\"thumbnailUrl\":\"https:\/\/additioapp.com\/wp-content\/uploads\/2023\/04\/sdui-additio.png\",\"datePublished\":\"2023-04-18T09:40:17+00:00\",\"dateModified\":\"2023-04-18T10:02:27+00:00\",\"description\":\"Additio App i Sdui Group sumen forces per construir el millor sistema operatiu per institucions educatives, Ministeris d'Educaci\u00f3 i docents.\",\"breadcrumb\":{\"@id\":\"https:\/\/additioapp.com\/ca\/additio-app-i-el-grup-europeu-sdui-sumen-forces\/#breadcrumb\"},\"inLanguage\":\"ca\",\"potentialAction\":[{\"@type\":\"ReadAction\",\"target\":[\"https:\/\/additioapp.com\/ca\/additio-app-i-el-grup-europeu-sdui-sumen-forces\/\"]}]},{\"@type\":\"ImageObject\",\"inLanguage\":\"ca\",\"@id\":\"https:\/\/additioapp.com\/ca\/additio-app-i-el-grup-europeu-sdui-sumen-forces\/#primaryimage\",\"url\":\"https:\/\/additioapp.com\/wp-content\/uploads\/2023\/04\/sdui-additio.png\",\"contentUrl\":\"https:\/\/additioapp.com\/wp-content\/uploads\/2023\/04\/sdui-additio.png\",\"width\":2560,\"height\":1431},{\"@type\":\"BreadcrumbList\",\"@id\":\"https:\/\/additioapp.com\/ca\/additio-app-i-el-grup-europeu-sdui-sumen-forces\/#breadcrumb\",\"itemListElement\":[{\"@type\":\"ListItem\",\"position\":1,\"name\":\"Portada\",\"item\":\"https:\/\/additioapp.com\/ca\/\"},{\"@type\":\"ListItem\",\"position\":2,\"name\":\"Additio App i el grup europeu Sdui sumen forces per seguir oferient les millors solucions digitals\"}]},{\"@type\":\"WebSite\",\"@id\":\"https:\/\/additioapp.com\/#website\",\"url\":\"https:\/\/additioapp.com\/\",\"name\":\"Additio App\",\"description\":\"Plataforma de gesti\u00f3 escolar de nova generaci\u00f3\",\"publisher\":{\"@id\":\"https:\/\/additioapp.com\/#organization\"},\"potentialAction\":[{\"@type\":\"SearchAction\",\"target\":{\"@type\":\"EntryPoint\",\"urlTemplate\":\"https:\/\/additioapp.com\/?s={search_term_string}\"},\"query-input\":{\"@type\":\"PropertyValueSpecification\",\"valueRequired\":true,\"valueName\":\"search_term_string\"}}],\"inLanguage\":\"ca\"},{\"@type\":\"Organization\",\"@id\":\"https:\/\/additioapp.com\/#organization\",\"name\":\"Additio App\",\"url\":\"https:\/\/additioapp.com\/\",\"logo\":{\"@type\":\"ImageObject\",\"inLanguage\":\"ca\",\"@id\":\"https:\/\/additioapp.com\/#\/schema\/logo\/image\/\",\"url\":\"https:\/\/additioapp.com\/wp-content\/uploads\/2026\/03\/logo-web-by-seven.svg\",\"contentUrl\":\"https:\/\/additioapp.com\/wp-content\/uploads\/2026\/03\/logo-web-by-seven.svg\",\"caption\":\"Additio App\"},\"image\":{\"@id\":\"https:\/\/additioapp.com\/#\/schema\/logo\/image\/\"}},{\"@type\":\"Person\",\"@id\":\"https:\/\/additioapp.com\/#\/schema\/person\/b98a5d7aca00a402cc1a040e69a0a738\",\"name\":\"Francesc\",\"image\":{\"@type\":\"ImageObject\",\"inLanguage\":\"ca\",\"@id\":\"https:\/\/additioapp.com\/#\/schema\/person\/image\/\",\"url\":\"https:\/\/secure.gravatar.com\/avatar\/5e6cf43346f2e6e70f0f88846bd3ca89b547fde8fecf3bf2cda0d03365dcf70a?s=96&d=mm&r=g\",\"contentUrl\":\"https:\/\/secure.gravatar.com\/avatar\/5e6cf43346f2e6e70f0f88846bd3ca89b547fde8fecf3bf2cda0d03365dcf70a?s=96&d=mm&r=g\",\"caption\":\"Francesc\"}}]}<\/script>\n<!-- \/ Yoast SEO plugin. -->","yoast_head_json":{"title":"Additio App i el grup europeu Sdui sumen forces per seguir oferient les millors solucions digitals - Additio App","description":"Additio App i Sdui Group sumen forces per construir el millor sistema operatiu per institucions educatives, Ministeris d'Educaci\u00f3 i docents.","robots":{"index":"index","follow":"follow","max-snippet":"max-snippet:-1","max-image-preview":"max-image-preview:large","max-video-preview":"max-video-preview:-1"},"canonical":"https:\/\/additioapp.com\/ca\/additio-app-i-el-grup-europeu-sdui-sumen-forces\/","og_locale":"ca_ES","og_type":"article","og_title":"Additio App i el grup europeu Sdui sumen forces per seguir oferient les millors solucions digitals - Additio App","og_description":"Additio App i Sdui Group sumen forces per construir el millor sistema operatiu per institucions educatives, Ministeris d'Educaci\u00f3 i docents.","og_url":"https:\/\/additioapp.com\/ca\/additio-app-i-el-grup-europeu-sdui-sumen-forces\/","og_site_name":"Additio App","article_published_time":"2023-04-18T09:40:17+00:00","article_modified_time":"2023-04-18T10:02:27+00:00","og_image":[{"width":2560,"height":1431,"url":"https:\/\/additioapp.com\/wp-content\/uploads\/2023\/04\/sdui-additio.png","type":"image\/png"}],"author":"Francesc","twitter_card":"summary_large_image","twitter_misc":{"Escrit per":"Francesc","Temps estimat de lectura":"3 minuts"},"schema":{"@context":"https:\/\/schema.org","@graph":[{"@type":"Article","@id":"https:\/\/additioapp.com\/ca\/additio-app-i-el-grup-europeu-sdui-sumen-forces\/#article","isPartOf":{"@id":"https:\/\/additioapp.com\/ca\/additio-app-i-el-grup-europeu-sdui-sumen-forces\/"},"author":{"name":"Francesc","@id":"https:\/\/additioapp.com\/#\/schema\/person\/b98a5d7aca00a402cc1a040e69a0a738"},"headline":"Additio App i el grup europeu Sdui sumen forces per seguir oferient les millors solucions digitals","datePublished":"2023-04-18T09:40:17+00:00","dateModified":"2023-04-18T10:02:27+00:00","mainEntityOfPage":{"@id":"https:\/\/additioapp.com\/ca\/additio-app-i-el-grup-europeu-sdui-sumen-forces\/"},"wordCount":671,"publisher":{"@id":"https:\/\/additioapp.com\/#organization"},"image":{"@id":"https:\/\/additioapp.com\/ca\/additio-app-i-el-grup-europeu-sdui-sumen-forces\/#primaryimage"},"thumbnailUrl":"https:\/\/additioapp.com\/wp-content\/uploads\/2023\/04\/sdui-additio.png","articleSection":["Novetats"],"inLanguage":"ca"},{"@type":"WebPage","@id":"https:\/\/additioapp.com\/ca\/additio-app-i-el-grup-europeu-sdui-sumen-forces\/","url":"https:\/\/additioapp.com\/ca\/additio-app-i-el-grup-europeu-sdui-sumen-forces\/","name":"Additio App i el grup europeu Sdui sumen forces per seguir oferient les millors solucions digitals - Additio App","isPartOf":{"@id":"https:\/\/additioapp.com\/#website"},"primaryImageOfPage":{"@id":"https:\/\/additioapp.com\/ca\/additio-app-i-el-grup-europeu-sdui-sumen-forces\/#primaryimage"},"image":{"@id":"https:\/\/additioapp.com\/ca\/additio-app-i-el-grup-europeu-sdui-sumen-forces\/#primaryimage"},"thumbnailUrl":"https:\/\/additioapp.com\/wp-content\/uploads\/2023\/04\/sdui-additio.png","datePublished":"2023-04-18T09:40:17+00:00","dateModified":"2023-04-18T10:02:27+00:00","description":"Additio App i Sdui Group sumen forces per construir el millor sistema operatiu per institucions educatives, Ministeris d'Educaci\u00f3 i docents.","breadcrumb":{"@id":"https:\/\/additioapp.com\/ca\/additio-app-i-el-grup-europeu-sdui-sumen-forces\/#breadcrumb"},"inLanguage":"ca","potentialAction":[{"@type":"ReadAction","target":["https:\/\/additioapp.com\/ca\/additio-app-i-el-grup-europeu-sdui-sumen-forces\/"]}]},{"@type":"ImageObject","inLanguage":"ca","@id":"https:\/\/additioapp.com\/ca\/additio-app-i-el-grup-europeu-sdui-sumen-forces\/#primaryimage","url":"https:\/\/additioapp.com\/wp-content\/uploads\/2023\/04\/sdui-additio.png","contentUrl":"https:\/\/additioapp.com\/wp-content\/uploads\/2023\/04\/sdui-additio.png","width":2560,"height":1431},{"@type":"BreadcrumbList","@id":"https:\/\/additioapp.com\/ca\/additio-app-i-el-grup-europeu-sdui-sumen-forces\/#breadcrumb","itemListElement":[{"@type":"ListItem","position":1,"name":"Portada","item":"https:\/\/additioapp.com\/ca\/"},{"@type":"ListItem","position":2,"name":"Additio App i el grup europeu Sdui sumen forces per seguir oferient les millors solucions digitals"}]},{"@type":"WebSite","@id":"https:\/\/additioapp.com\/#website","url":"https:\/\/additioapp.com\/","name":"Additio App","description":"Plataforma de gesti\u00f3 escolar de nova generaci\u00f3","publisher":{"@id":"https:\/\/additioapp.com\/#organization"},"potentialAction":[{"@type":"SearchAction","target":{"@type":"EntryPoint","urlTemplate":"https:\/\/additioapp.com\/?s={search_term_string}"},"query-input":{"@type":"PropertyValueSpecification","valueRequired":true,"valueName":"search_term_string"}}],"inLanguage":"ca"},{"@type":"Organization","@id":"https:\/\/additioapp.com\/#organization","name":"Additio App","url":"https:\/\/additioapp.com\/","logo":{"@type":"ImageObject","inLanguage":"ca","@id":"https:\/\/additioapp.com\/#\/schema\/logo\/image\/","url":"https:\/\/additioapp.com\/wp-content\/uploads\/2026\/03\/logo-web-by-seven.svg","contentUrl":"https:\/\/additioapp.com\/wp-content\/uploads\/2026\/03\/logo-web-by-seven.svg","caption":"Additio App"},"image":{"@id":"https:\/\/additioapp.com\/#\/schema\/logo\/image\/"}},{"@type":"Person","@id":"https:\/\/additioapp.com\/#\/schema\/person\/b98a5d7aca00a402cc1a040e69a0a738","name":"Francesc","image":{"@type":"ImageObject","inLanguage":"ca","@id":"https:\/\/additioapp.com\/#\/schema\/person\/image\/","url":"https:\/\/secure.gravatar.com\/avatar\/5e6cf43346f2e6e70f0f88846bd3ca89b547fde8fecf3bf2cda0d03365dcf70a?s=96&d=mm&r=g","contentUrl":"https:\/\/secure.gravatar.com\/avatar\/5e6cf43346f2e6e70f0f88846bd3ca89b547fde8fecf3bf2cda0d03365dcf70a?s=96&d=mm&r=g","caption":"Francesc"}}]}},"_links":{"self":[{"href":"https:\/\/additioapp.com\/ca\/wp-json\/wp\/v2\/posts\/24700","targetHints":{"allow":["GET"]}}],"collection":[{"href":"https:\/\/additioapp.com\/ca\/wp-json\/wp\/v2\/posts"}],"about":[{"href":"https:\/\/additioapp.com\/ca\/wp-json\/wp\/v2\/types\/post"}],"author":[{"embeddable":true,"href":"https:\/\/additioapp.com\/ca\/wp-json\/wp\/v2\/users\/2"}],"replies":[{"embeddable":true,"href":"https:\/\/additioapp.com\/ca\/wp-json\/wp\/v2\/comments?post=24700"}],"version-history":[{"count":4,"href":"https:\/\/additioapp.com\/ca\/wp-json\/wp\/v2\/posts\/24700\/revisions"}],"predecessor-version":[{"id":24742,"href":"https:\/\/additioapp.com\/ca\/wp-json\/wp\/v2\/posts\/24700\/revisions\/24742"}],"wp:featuredmedia":[{"embeddable":true,"href":"https:\/\/additioapp.com\/ca\/wp-json\/wp\/v2\/media\/24695"}],"wp:attachment":[{"href":"https:\/\/additioapp.com\/ca\/wp-json\/wp\/v2\/media?parent=24700"}],"wp:term":[{"taxonomy":"category","embeddable":true,"href":"https:\/\/additioapp.com\/ca\/wp-json\/wp\/v2\/categories?post=24700"},{"taxonomy":"post_tag","embeddable":true,"href":"https:\/\/additioapp.com\/ca\/wp-json\/wp\/v2\/tags?post=24700"}],"curies":[{"name":"wp","href":"https:\/\/api.w.org\/{rel}","templated":true}]}}