{"id":24505,"date":"2023-03-30T06:29:11","date_gmt":"2023-03-30T06:29:11","guid":{"rendered":"https:\/\/additioapp.com\/como-organizar-una-jornada-de-puertas-abiertas-en-el-colegio\/"},"modified":"2023-03-30T06:40:28","modified_gmt":"2023-03-30T06:40:28","slug":"com-organitzar-una-jornada-de-portes-obertes-a-lescola","status":"publish","type":"post","link":"https:\/\/additioapp.com\/ca\/com-organitzar-una-jornada-de-portes-obertes-a-lescola\/","title":{"rendered":"Com organitzar una jornada de portes obertes a l&#8217;escola"},"content":{"rendered":"\n<p>Any rere any, si hi ha alguna cosa que es repeteix, s\u00f3n les jornades de portes obertes a l&#8217;escola. <strong>Es tracta d&#8217;una trobada en la qual fam\u00edlies i estudiants interessats visiten les instal\u00b7lacions d&#8217;un col\u00b7legi.<\/strong> \u00c9s l&#8217;oportunitat ideal per a mostrar el funcionament del col\u00b7legi, els serveis que s&#8217;ofereixen o les diferents instal\u00b7lacions, entre altres aspectes.<\/p>\n\n\n\n<p>En el post d&#8217;avui donarem a con\u00e8ixer les claus per a assegurar que la jornada de portes obertes a l&#8217;escola \u00e9s tot un \u00e8xit, i obtenir les bases per a replicar aix\u00f2 al llarg dels anys.<\/p>\n\n\n\n<div style=\"height:20px\" aria-hidden=\"true\" class=\"wp-block-spacer\"><\/div>\n\n\n\n<figure class=\"wp-block-image\"><img loading=\"lazy\" decoding=\"async\" width=\"2560\" height=\"1430\" src=\"https:\/\/additioapp.com\/wp-content\/uploads\/2023\/03\/portada-6-scaled.jpg\" alt=\"\" class=\"wp-image-24479\" srcset=\"https:\/\/additioapp.com\/wp-content\/uploads\/2023\/03\/portada-6-scaled.jpg 2560w, https:\/\/additioapp.com\/wp-content\/uploads\/2023\/03\/portada-6-300x168.jpg 300w, https:\/\/additioapp.com\/wp-content\/uploads\/2023\/03\/portada-6-1024x572.jpg 1024w, https:\/\/additioapp.com\/wp-content\/uploads\/2023\/03\/portada-6-768x429.jpg 768w, https:\/\/additioapp.com\/wp-content\/uploads\/2023\/03\/portada-6-1536x858.jpg 1536w, https:\/\/additioapp.com\/wp-content\/uploads\/2023\/03\/portada-6-2048x1144.jpg 2048w\" sizes=\"auto, (max-width: 2560px) 100vw, 2560px\" \/><figcaption class=\"wp-element-caption\">Imatge de Wonderlane a Unsplash<\/figcaption><\/figure>\n\n\n\n<div style=\"height:70px\" aria-hidden=\"true\" class=\"wp-block-spacer\"><\/div>\n\n\n\n<h2 class=\"wp-block-heading\">Per qu\u00e8 \u00e9s important oferir jornades de portes obertes a l&#8217;escola?<\/h2>\n\n\n\n<div style=\"height:20px\" aria-hidden=\"true\" class=\"wp-block-spacer\"><\/div>\n\n\n\n<p>S\u00f3n molts els centres educatius que ofereixen jornades de portes obertes per a fam\u00edlies, per\u00f2 saps per qu\u00e8 \u00e9s tan important oferir-les? Aquests s\u00f3n alguns dels motius:<\/p>\n\n\n\n<div style=\"height:20px\" aria-hidden=\"true\" class=\"wp-block-spacer\"><\/div>\n\n\n\n<ul class=\"wp-block-list\">\n<li><strong>Con\u00e8ixer l&#8217;escola: <\/strong>gr\u00e0cies a les jornades de portes en el col\u00b7legi, les fam\u00edlies poden con\u00e8ixer millor el col\u00b7legi, tant a nivell d&#8217;instal\u00b7lacions f\u00edsiques com a nivell de filosofia, metodologies, serveis, etc.<\/li>\n\n\n\n<li><strong>Con\u00e8ixer a altres fam\u00edlies:<\/strong> aquestes trobades permeten con\u00e8ixer a altres fam\u00edlies que estan tamb\u00e9 interessades en aquesta escola. Aix\u00f2 ajuda a con\u00e8ixer altres experi\u00e8ncies i establir connexions que poden perdurar.<\/li>\n\n\n\n<li><strong>Resoldre dubtes:<\/strong> gr\u00e0cies a aquestes jornades de trobada entre fam\u00edlies i escola, les fam\u00edlies poden traslladar els seus dubtes sobre el col\u00b7legi o del proc\u00e9s d&#8217;admissi\u00f3, aconseguint una comunicaci\u00f3 m\u00e9s fluida entre col\u00b7legi i futur alumnat i fam\u00edlies.<\/li>\n\n\n\n<li><strong>Prendre decisions ben informades:<\/strong> amb les jornades de portes obertes en el col\u00b7legi, les fam\u00edlies aconsegueixen con\u00e8ixer millor el col\u00b7legi, la qual cosa ajuda a prendre decisions de manera informada, sobre la idone\u00eftat del col\u00b7legi per a les seves necessitats educatives.<\/li>\n<\/ul>\n\n\n\n<div style=\"height:20px\" aria-hidden=\"true\" class=\"wp-block-spacer\"><\/div>\n\n\n\n<figure class=\"wp-block-image size-large\"><img loading=\"lazy\" decoding=\"async\" width=\"1024\" height=\"572\" src=\"https:\/\/additioapp.com\/wp-content\/uploads\/2023\/03\/foto-2-2-1024x572.jpg\" alt=\"\" class=\"wp-image-24483\" srcset=\"https:\/\/additioapp.com\/wp-content\/uploads\/2023\/03\/foto-2-2-1024x572.jpg 1024w, https:\/\/additioapp.com\/wp-content\/uploads\/2023\/03\/foto-2-2-300x168.jpg 300w, https:\/\/additioapp.com\/wp-content\/uploads\/2023\/03\/foto-2-2-768x429.jpg 768w, https:\/\/additioapp.com\/wp-content\/uploads\/2023\/03\/foto-2-2-1536x859.jpg 1536w, https:\/\/additioapp.com\/wp-content\/uploads\/2023\/03\/foto-2-2-2048x1145.jpg 2048w\" sizes=\"auto, (max-width: 1024px) 100vw, 1024px\" \/><figcaption class=\"wp-element-caption\">Imatge d&#8217;August de Richelieu a Pexels<\/figcaption><\/figure>\n\n\n\n<div style=\"height:70px\" aria-hidden=\"true\" class=\"wp-block-spacer\"><\/div>\n\n\n\n<h2 class=\"wp-block-heading\">Abans de la jornada de portes obertes: passos a seguir<\/h2>\n\n\n\n<div style=\"height:20px\" aria-hidden=\"true\" class=\"wp-block-spacer\"><\/div>\n\n\n\n<p>Per a assegurar-te que la jornada de portes obertes en el col\u00b7legi \u00e9s tot un \u00e8xit, cal fer uns preparatius previs a la jornada. Aquests consisteixen en:<\/p>\n\n\n\n<div style=\"height:20px\" aria-hidden=\"true\" class=\"wp-block-spacer\"><\/div>\n\n\n\n<ol class=\"wp-block-list\">\n<li><strong>Defineix els objectius de la jornada de portes obertes i tria quan tindr\u00e0 lloc.<\/strong> \u00c9s important establir una data i una hora que s&#8217;adaptin a les fam\u00edlies, ja que s\u00f3n les destinat\u00e0ries principals de la jornada de portes obertes.<\/li>\n\n\n\n<li><strong>Estableix el programa de la jornada:<\/strong> si la jornada de portes obertes inclour\u00e0 diverses parts (visita de les instal\u00b7lacions, xerrada del director, torn de preguntes i respostes\u2026), assegura&#8217;t d&#8217;ordenar-ho tot en un programa que far\u00e0s arribar a les fam\u00edlies que assisteixin a la trobada.<\/li>\n\n\n\n<li><strong>Promociona la jornada de portes obertes: <\/strong>pots fer servir els teus canals de comunicaci\u00f3 habituals per a promocionar la jornada i assegurar-te que les fam\u00edlies saben sobre aquesta jornada. Pots posar-ho en la web, en les xarxes socials, enviar\u00a0una newsletter, etc. Si feu \u00fas\u00a0d&#8217;Additio\u00a0en el centre, podeu crear\u00a0<a href=\"https:\/\/additioapp.com\/ca\/comunicacio-escolar\/\" target=\"_blank\" rel=\"noreferrer noopener\">stories\u00a0p\u00fabliques<\/a> en les quals informeu de tot a usuaris de fora del centre, creant canals de comunicaci\u00f3 amb ells. L&#8217;important \u00e9s que les fam\u00edlies rebin aquestes comunicacions i assisteixin a la jornada.<\/li>\n<\/ol>\n\n\n\n<div style=\"height:10px\" aria-hidden=\"true\" class=\"wp-block-spacer\"><\/div>\n\n\n\n<figure class=\"wp-block-image size-large\"><img loading=\"lazy\" decoding=\"async\" width=\"1024\" height=\"572\" src=\"https:\/\/additioapp.com\/wp-content\/uploads\/2023\/03\/foto-3-2-1024x572.jpg\" alt=\"\" class=\"wp-image-24487\" srcset=\"https:\/\/additioapp.com\/wp-content\/uploads\/2023\/03\/foto-3-2-1024x572.jpg 1024w, https:\/\/additioapp.com\/wp-content\/uploads\/2023\/03\/foto-3-2-300x168.jpg 300w, https:\/\/additioapp.com\/wp-content\/uploads\/2023\/03\/foto-3-2-768x429.jpg 768w, https:\/\/additioapp.com\/wp-content\/uploads\/2023\/03\/foto-3-2-1536x859.jpg 1536w, https:\/\/additioapp.com\/wp-content\/uploads\/2023\/03\/foto-3-2-2048x1145.jpg 2048w\" sizes=\"auto, (max-width: 1024px) 100vw, 1024px\" \/><figcaption class=\"wp-element-caption\">Imatge de KOBU Agency a Unsplash<\/figcaption><\/figure>\n\n\n\n<div style=\"height:70px\" aria-hidden=\"true\" class=\"wp-block-spacer\"><\/div>\n\n\n\n<h2 class=\"wp-block-heading\">Durant la jornada de portes obertes: trucs d&#8217;\u00e8xit<\/h2>\n\n\n\n<div style=\"height:20px\" aria-hidden=\"true\" class=\"wp-block-spacer\"><\/div>\n\n\n\n<p>Ja ha arribat l&#8217;hora de la veritat, assegura&#8217;t que tot va com la seda:<\/p>\n\n\n\n<div style=\"height:10px\" aria-hidden=\"true\" class=\"wp-block-spacer\"><\/div>\n\n\n\n<ol class=\"wp-block-list\">\n<li><strong>Rep als assistents: <\/strong>assegura&#8217;t que els assistents coneixen b\u00e9 on s&#8217;han de dirigir per a la trobada, aix\u00f2 els donar\u00e0 confian\u00e7a.<\/li>\n\n\n\n<li><strong>Fes una visita guiada per les instal\u00b7lacions: <\/strong>ensenya les diferents instal\u00b7lacions del centre (gimn\u00e0s, aules, pati, menjador, etc.). Les fam\u00edlies agrairan con\u00e8ixer de prop on possiblement estudiaran els seus fills i filles. Fins i tot, si es tracta d&#8217;un institut, pots animar a\u00a0algun\u00a0estudiant d&#8217;\u00faltims cursos a fer la visita guiada, i aix\u00ed poder mostrar la seva pr\u00f2pia visi\u00f3 sobre el centre.<\/li>\n\n\n\n<li>P<strong>roporciona informaci\u00f3:<\/strong> les fam\u00edlies tindran molta curiositat per con\u00e8ixer el pla d&#8217;estudis, la filosofia educativa, o altres aspectes. Assegura&#8217;t d&#8217;oferir el m\u00e0xim d&#8217;informaci\u00f3. Fins i tot pots informar sobre el grau d&#8217;innovaci\u00f3 del col\u00b7legi, per exemple indicant l&#8217;\u00fas d&#8217;<a href=\"https:\/\/additioapp.com\/ca\/\" target=\"_blank\" rel=\"noreferrer noopener\">Additio<\/a>\u00a0com a eina d&#8217;avaluaci\u00f3 digital i comunicaci\u00f3 directa amb les fam\u00edlies, que sol ser una cosa que preocupa les fam\u00edlies.<\/li>\n\n\n\n<li><strong>Dona l&#8217;oportunitat de preguntar dubtes: <\/strong>segurament moltes fam\u00edlies encara tindran dubtes despr\u00e9s de la xerrada. Ofereix la possibilitat de preguntar dubtes, ja sigui en el mateix moment, o a trav\u00e9s d&#8217;un correu electr\u00f2nic o tel\u00e8fon que els facilitar\u00e0s.<\/li>\n<\/ol>\n\n\n\n<div style=\"height:20px\" aria-hidden=\"true\" class=\"wp-block-spacer\"><\/div>\n\n\n\n<figure class=\"wp-block-image size-large\"><img loading=\"lazy\" decoding=\"async\" width=\"1024\" height=\"572\" src=\"https:\/\/additioapp.com\/wp-content\/uploads\/2023\/03\/foto-4-2-1024x572.jpg\" alt=\"\" class=\"wp-image-24491\" srcset=\"https:\/\/additioapp.com\/wp-content\/uploads\/2023\/03\/foto-4-2-1024x572.jpg 1024w, https:\/\/additioapp.com\/wp-content\/uploads\/2023\/03\/foto-4-2-300x168.jpg 300w, https:\/\/additioapp.com\/wp-content\/uploads\/2023\/03\/foto-4-2-768x429.jpg 768w, https:\/\/additioapp.com\/wp-content\/uploads\/2023\/03\/foto-4-2-1536x858.jpg 1536w, https:\/\/additioapp.com\/wp-content\/uploads\/2023\/03\/foto-4-2-2048x1145.jpg 2048w\" sizes=\"auto, (max-width: 1024px) 100vw, 1024px\" \/><figcaption class=\"wp-element-caption\">Imatge d&#8217;Element5 Digital a Unsplash<\/figcaption><\/figure>\n\n\n\n<div style=\"height:70px\" aria-hidden=\"true\" class=\"wp-block-spacer\"><\/div>\n\n\n\n<h2 class=\"wp-block-heading\">El futur: i si fem una jornada de portes obertes online?<\/h2>\n\n\n\n<div style=\"height:20px\" aria-hidden=\"true\" class=\"wp-block-spacer\"><\/div>\n\n\n\n<p>Una vegada acabada la jornada de portes obertes a l&#8217;escola, pots determinar l&#8217;\u00e8xit que ha tingut, comptant els assistents, el seu grau d&#8217;implicaci\u00f3, o el nombre final d&#8217;inscripcions que s&#8217;aconsegueixen.<\/p>\n\n\n\n<p>Un altre element important \u00e9s <strong>investigar noves vies per a atreure assistents a pr\u00f2ximes jornades de portes obertes. <\/strong>Si b\u00e9 \u00e9s cost\u00f3s organitzar jornades de portes obertes presencials, a nivell de recursos i disponibilitat, pots investigar la viabilitat d&#8217;oferir tamb\u00e9 jornades en l\u00ednia. Es tracta de posar sempre a la disposici\u00f3 de la gent un apartat en la web que permeti fer una visita virtual del centre. Aix\u00ed, podran anar formant una decisi\u00f3 i acabar de decidir-se amb la jornada presencial.<\/p>\n\n\n\n<div style=\"height:50px\" aria-hidden=\"true\" class=\"wp-block-spacer\"><\/div>\n\n\n\n<h3 class=\"wp-block-heading\">Qu\u00e8 \u00e9s el que m\u00e9s t&#8217;agrada de les jornades de portes obertes?<\/h3>\n\n\n\n<p>Totes les persones tenen la seva part preferida d&#8217;aquestes trobades: con\u00e8ixer al professorat, veure les instal\u00b7lacions, con\u00e8ixer altres fam\u00edlies\u2026 Quina \u00e9s la teva part preferida? A les nostres xarxes socials estarem encantats d&#8217;escolta-vos: <a href=\"https:\/\/www.facebook.com\/profile.php?id=100063661895488\" target=\"_blank\" rel=\"noreferrer noopener\">Facebook<\/a>, <a href=\"https:\/\/twitter.com\/additioapp\" target=\"_blank\" rel=\"noreferrer noopener\">Twitter<\/a>, <a href=\"https:\/\/www.instagram.com\/additioapp\/\" target=\"_blank\" rel=\"noreferrer noopener\">Instagram <\/a>i <a href=\"https:\/\/www.youtube.com\/additioapp\" target=\"_blank\" rel=\"noreferrer noopener\">Youtube<\/a>.<\/p>\n\n\n\n<p>I abans de marxar, ja has provat el nostre pla gratu\u00eft d&#8217;Additio? Si vols investigar una mica, entra a <a href=\"https:\/\/additioapp.com\/ca\/plans-professors\/\" target=\"_blank\" rel=\"noreferrer noopener\">Additio Starter.<\/a><\/p>\n\n\n\n<p>Fins aviat!<\/p>\n","protected":false},"excerpt":{"rendered":"<p>Any rere any, si hi ha alguna cosa que es repeteix, s\u00f3n les jornades de portes obertes a l&#8217;escola. Es tracta d&#8217;una trobada en la qual fam\u00edlies i estudiants interessats visiten les instal\u00b7lacions d&#8217;un col\u00b7legi. \u00c9s l&#8217;oportunitat ideal per a mostrar el funcionament del col\u00b7legi, els serveis que s&#8217;ofereixen o les diferents instal\u00b7lacions, entre altres [&hellip;]<\/p>\n","protected":false},"author":7,"featured_media":24472,"comment_status":"closed","ping_status":"closed","sticky":false,"template":"","format":"standard","meta":{"_acf_changed":false,"inline_featured_image":false,"footnotes":""},"categories":[180],"tags":[],"class_list":["post-24505","post","type-post","status-publish","format-standard","has-post-thumbnail","hentry","category-consells"],"acf":[],"yoast_head":"<!-- This site is optimized with the Yoast SEO plugin v26.1.1 - https:\/\/yoast.com\/wordpress\/plugins\/seo\/ -->\n<title>Com organitzar una jornada de portes obertes a l&#039;escola - Additio App<\/title>\n<meta name=\"description\" content=\"Saps com estructurar i organitzar una jornada de portes obertes a l&#039;escola? No et perdis els consells que et donem en aquest post!\" \/>\n<meta name=\"robots\" content=\"index, follow, max-snippet:-1, max-image-preview:large, max-video-preview:-1\" \/>\n<link rel=\"canonical\" href=\"https:\/\/additioapp.com\/ca\/com-organitzar-una-jornada-de-portes-obertes-a-lescola\/\" \/>\n<meta property=\"og:locale\" content=\"ca_ES\" \/>\n<meta property=\"og:type\" content=\"article\" \/>\n<meta property=\"og:title\" content=\"Com organitzar una jornada de portes obertes a l&#039;escola - Additio App\" \/>\n<meta property=\"og:description\" content=\"Saps com estructurar i organitzar una jornada de portes obertes a l&#039;escola? No et perdis els consells que et donem en aquest post!\" \/>\n<meta property=\"og:url\" content=\"https:\/\/additioapp.com\/ca\/com-organitzar-una-jornada-de-portes-obertes-a-lescola\/\" \/>\n<meta property=\"og:site_name\" content=\"Additio App\" \/>\n<meta property=\"article:published_time\" content=\"2023-03-30T06:29:11+00:00\" \/>\n<meta property=\"article:modified_time\" content=\"2023-03-30T06:40:28+00:00\" \/>\n<meta property=\"og:image\" content=\"https:\/\/additioapp.com\/wp-content\/uploads\/2023\/03\/portada-4-scaled.jpg\" \/>\n\t<meta property=\"og:image:width\" content=\"2560\" \/>\n\t<meta property=\"og:image:height\" content=\"1430\" \/>\n\t<meta property=\"og:image:type\" content=\"image\/jpeg\" \/>\n<meta name=\"author\" content=\"Ivet Cano\" \/>\n<meta name=\"twitter:card\" content=\"summary_large_image\" \/>\n<meta name=\"twitter:label1\" content=\"Escrit per\" \/>\n\t<meta name=\"twitter:data1\" content=\"Ivet Cano\" \/>\n\t<meta name=\"twitter:label2\" content=\"Temps estimat de lectura\" \/>\n\t<meta name=\"twitter:data2\" content=\"5 minuts\" \/>\n<script type=\"application\/ld+json\" class=\"yoast-schema-graph\">{\"@context\":\"https:\/\/schema.org\",\"@graph\":[{\"@type\":\"Article\",\"@id\":\"https:\/\/additioapp.com\/ca\/com-organitzar-una-jornada-de-portes-obertes-a-lescola\/#article\",\"isPartOf\":{\"@id\":\"https:\/\/additioapp.com\/ca\/com-organitzar-una-jornada-de-portes-obertes-a-lescola\/\"},\"author\":{\"name\":\"Ivet Cano\",\"@id\":\"https:\/\/additioapp.com\/#\/schema\/person\/e2cbf614ee88414e795aff41430f8476\"},\"headline\":\"Com organitzar una jornada de portes obertes a l&#8217;escola\",\"datePublished\":\"2023-03-30T06:29:11+00:00\",\"dateModified\":\"2023-03-30T06:40:28+00:00\",\"mainEntityOfPage\":{\"@id\":\"https:\/\/additioapp.com\/ca\/com-organitzar-una-jornada-de-portes-obertes-a-lescola\/\"},\"wordCount\":1025,\"publisher\":{\"@id\":\"https:\/\/additioapp.com\/#organization\"},\"image\":{\"@id\":\"https:\/\/additioapp.com\/ca\/com-organitzar-una-jornada-de-portes-obertes-a-lescola\/#primaryimage\"},\"thumbnailUrl\":\"https:\/\/additioapp.com\/wp-content\/uploads\/2023\/03\/portada-4-scaled.jpg\",\"articleSection\":[\"Consells\"],\"inLanguage\":\"ca\"},{\"@type\":\"WebPage\",\"@id\":\"https:\/\/additioapp.com\/ca\/com-organitzar-una-jornada-de-portes-obertes-a-lescola\/\",\"url\":\"https:\/\/additioapp.com\/ca\/com-organitzar-una-jornada-de-portes-obertes-a-lescola\/\",\"name\":\"Com organitzar una jornada de portes obertes a l'escola - Additio App\",\"isPartOf\":{\"@id\":\"https:\/\/additioapp.com\/#website\"},\"primaryImageOfPage\":{\"@id\":\"https:\/\/additioapp.com\/ca\/com-organitzar-una-jornada-de-portes-obertes-a-lescola\/#primaryimage\"},\"image\":{\"@id\":\"https:\/\/additioapp.com\/ca\/com-organitzar-una-jornada-de-portes-obertes-a-lescola\/#primaryimage\"},\"thumbnailUrl\":\"https:\/\/additioapp.com\/wp-content\/uploads\/2023\/03\/portada-4-scaled.jpg\",\"datePublished\":\"2023-03-30T06:29:11+00:00\",\"dateModified\":\"2023-03-30T06:40:28+00:00\",\"description\":\"Saps com estructurar i organitzar una jornada de portes obertes a l'escola? No et perdis els consells que et donem en aquest post!\",\"breadcrumb\":{\"@id\":\"https:\/\/additioapp.com\/ca\/com-organitzar-una-jornada-de-portes-obertes-a-lescola\/#breadcrumb\"},\"inLanguage\":\"ca\",\"potentialAction\":[{\"@type\":\"ReadAction\",\"target\":[\"https:\/\/additioapp.com\/ca\/com-organitzar-una-jornada-de-portes-obertes-a-lescola\/\"]}]},{\"@type\":\"ImageObject\",\"inLanguage\":\"ca\",\"@id\":\"https:\/\/additioapp.com\/ca\/com-organitzar-una-jornada-de-portes-obertes-a-lescola\/#primaryimage\",\"url\":\"https:\/\/additioapp.com\/wp-content\/uploads\/2023\/03\/portada-4-scaled.jpg\",\"contentUrl\":\"https:\/\/additioapp.com\/wp-content\/uploads\/2023\/03\/portada-4-scaled.jpg\",\"width\":2560,\"height\":1430},{\"@type\":\"BreadcrumbList\",\"@id\":\"https:\/\/additioapp.com\/ca\/com-organitzar-una-jornada-de-portes-obertes-a-lescola\/#breadcrumb\",\"itemListElement\":[{\"@type\":\"ListItem\",\"position\":1,\"name\":\"Portada\",\"item\":\"https:\/\/additioapp.com\/ca\/\"},{\"@type\":\"ListItem\",\"position\":2,\"name\":\"Com organitzar una jornada de portes obertes a l&#8217;escola\"}]},{\"@type\":\"WebSite\",\"@id\":\"https:\/\/additioapp.com\/#website\",\"url\":\"https:\/\/additioapp.com\/\",\"name\":\"Additio App\",\"description\":\"Plataforma de gesti\u00f3 escolar de nova generaci\u00f3\",\"publisher\":{\"@id\":\"https:\/\/additioapp.com\/#organization\"},\"potentialAction\":[{\"@type\":\"SearchAction\",\"target\":{\"@type\":\"EntryPoint\",\"urlTemplate\":\"https:\/\/additioapp.com\/?s={search_term_string}\"},\"query-input\":{\"@type\":\"PropertyValueSpecification\",\"valueRequired\":true,\"valueName\":\"search_term_string\"}}],\"inLanguage\":\"ca\"},{\"@type\":\"Organization\",\"@id\":\"https:\/\/additioapp.com\/#organization\",\"name\":\"Additio App\",\"url\":\"https:\/\/additioapp.com\/\",\"logo\":{\"@type\":\"ImageObject\",\"inLanguage\":\"ca\",\"@id\":\"https:\/\/additioapp.com\/#\/schema\/logo\/image\/\",\"url\":\"https:\/\/additioapp.com\/wp-content\/uploads\/2026\/03\/logo-web-by-seven.svg\",\"contentUrl\":\"https:\/\/additioapp.com\/wp-content\/uploads\/2026\/03\/logo-web-by-seven.svg\",\"caption\":\"Additio App\"},\"image\":{\"@id\":\"https:\/\/additioapp.com\/#\/schema\/logo\/image\/\"}},{\"@type\":\"Person\",\"@id\":\"https:\/\/additioapp.com\/#\/schema\/person\/e2cbf614ee88414e795aff41430f8476\",\"name\":\"Ivet Cano\",\"image\":{\"@type\":\"ImageObject\",\"inLanguage\":\"ca\",\"@id\":\"https:\/\/additioapp.com\/#\/schema\/person\/image\/\",\"url\":\"https:\/\/secure.gravatar.com\/avatar\/ed6ed3419bb06c8fd8e1c15011570cc9ccb473dabb3a00ef1ff4a81ed68369d9?s=96&d=mm&r=g\",\"contentUrl\":\"https:\/\/secure.gravatar.com\/avatar\/ed6ed3419bb06c8fd8e1c15011570cc9ccb473dabb3a00ef1ff4a81ed68369d9?s=96&d=mm&r=g\",\"caption\":\"Ivet Cano\"}}]}<\/script>\n<!-- \/ Yoast SEO plugin. -->","yoast_head_json":{"title":"Com organitzar una jornada de portes obertes a l'escola - Additio App","description":"Saps com estructurar i organitzar una jornada de portes obertes a l'escola? No et perdis els consells que et donem en aquest post!","robots":{"index":"index","follow":"follow","max-snippet":"max-snippet:-1","max-image-preview":"max-image-preview:large","max-video-preview":"max-video-preview:-1"},"canonical":"https:\/\/additioapp.com\/ca\/com-organitzar-una-jornada-de-portes-obertes-a-lescola\/","og_locale":"ca_ES","og_type":"article","og_title":"Com organitzar una jornada de portes obertes a l'escola - Additio App","og_description":"Saps com estructurar i organitzar una jornada de portes obertes a l'escola? No et perdis els consells que et donem en aquest post!","og_url":"https:\/\/additioapp.com\/ca\/com-organitzar-una-jornada-de-portes-obertes-a-lescola\/","og_site_name":"Additio App","article_published_time":"2023-03-30T06:29:11+00:00","article_modified_time":"2023-03-30T06:40:28+00:00","og_image":[{"width":2560,"height":1430,"url":"https:\/\/additioapp.com\/wp-content\/uploads\/2023\/03\/portada-4-scaled.jpg","type":"image\/jpeg"}],"author":"Ivet Cano","twitter_card":"summary_large_image","twitter_misc":{"Escrit per":"Ivet Cano","Temps estimat de lectura":"5 minuts"},"schema":{"@context":"https:\/\/schema.org","@graph":[{"@type":"Article","@id":"https:\/\/additioapp.com\/ca\/com-organitzar-una-jornada-de-portes-obertes-a-lescola\/#article","isPartOf":{"@id":"https:\/\/additioapp.com\/ca\/com-organitzar-una-jornada-de-portes-obertes-a-lescola\/"},"author":{"name":"Ivet Cano","@id":"https:\/\/additioapp.com\/#\/schema\/person\/e2cbf614ee88414e795aff41430f8476"},"headline":"Com organitzar una jornada de portes obertes a l&#8217;escola","datePublished":"2023-03-30T06:29:11+00:00","dateModified":"2023-03-30T06:40:28+00:00","mainEntityOfPage":{"@id":"https:\/\/additioapp.com\/ca\/com-organitzar-una-jornada-de-portes-obertes-a-lescola\/"},"wordCount":1025,"publisher":{"@id":"https:\/\/additioapp.com\/#organization"},"image":{"@id":"https:\/\/additioapp.com\/ca\/com-organitzar-una-jornada-de-portes-obertes-a-lescola\/#primaryimage"},"thumbnailUrl":"https:\/\/additioapp.com\/wp-content\/uploads\/2023\/03\/portada-4-scaled.jpg","articleSection":["Consells"],"inLanguage":"ca"},{"@type":"WebPage","@id":"https:\/\/additioapp.com\/ca\/com-organitzar-una-jornada-de-portes-obertes-a-lescola\/","url":"https:\/\/additioapp.com\/ca\/com-organitzar-una-jornada-de-portes-obertes-a-lescola\/","name":"Com organitzar una jornada de portes obertes a l'escola - Additio App","isPartOf":{"@id":"https:\/\/additioapp.com\/#website"},"primaryImageOfPage":{"@id":"https:\/\/additioapp.com\/ca\/com-organitzar-una-jornada-de-portes-obertes-a-lescola\/#primaryimage"},"image":{"@id":"https:\/\/additioapp.com\/ca\/com-organitzar-una-jornada-de-portes-obertes-a-lescola\/#primaryimage"},"thumbnailUrl":"https:\/\/additioapp.com\/wp-content\/uploads\/2023\/03\/portada-4-scaled.jpg","datePublished":"2023-03-30T06:29:11+00:00","dateModified":"2023-03-30T06:40:28+00:00","description":"Saps com estructurar i organitzar una jornada de portes obertes a l'escola? No et perdis els consells que et donem en aquest post!","breadcrumb":{"@id":"https:\/\/additioapp.com\/ca\/com-organitzar-una-jornada-de-portes-obertes-a-lescola\/#breadcrumb"},"inLanguage":"ca","potentialAction":[{"@type":"ReadAction","target":["https:\/\/additioapp.com\/ca\/com-organitzar-una-jornada-de-portes-obertes-a-lescola\/"]}]},{"@type":"ImageObject","inLanguage":"ca","@id":"https:\/\/additioapp.com\/ca\/com-organitzar-una-jornada-de-portes-obertes-a-lescola\/#primaryimage","url":"https:\/\/additioapp.com\/wp-content\/uploads\/2023\/03\/portada-4-scaled.jpg","contentUrl":"https:\/\/additioapp.com\/wp-content\/uploads\/2023\/03\/portada-4-scaled.jpg","width":2560,"height":1430},{"@type":"BreadcrumbList","@id":"https:\/\/additioapp.com\/ca\/com-organitzar-una-jornada-de-portes-obertes-a-lescola\/#breadcrumb","itemListElement":[{"@type":"ListItem","position":1,"name":"Portada","item":"https:\/\/additioapp.com\/ca\/"},{"@type":"ListItem","position":2,"name":"Com organitzar una jornada de portes obertes a l&#8217;escola"}]},{"@type":"WebSite","@id":"https:\/\/additioapp.com\/#website","url":"https:\/\/additioapp.com\/","name":"Additio App","description":"Plataforma de gesti\u00f3 escolar de nova generaci\u00f3","publisher":{"@id":"https:\/\/additioapp.com\/#organization"},"potentialAction":[{"@type":"SearchAction","target":{"@type":"EntryPoint","urlTemplate":"https:\/\/additioapp.com\/?s={search_term_string}"},"query-input":{"@type":"PropertyValueSpecification","valueRequired":true,"valueName":"search_term_string"}}],"inLanguage":"ca"},{"@type":"Organization","@id":"https:\/\/additioapp.com\/#organization","name":"Additio App","url":"https:\/\/additioapp.com\/","logo":{"@type":"ImageObject","inLanguage":"ca","@id":"https:\/\/additioapp.com\/#\/schema\/logo\/image\/","url":"https:\/\/additioapp.com\/wp-content\/uploads\/2026\/03\/logo-web-by-seven.svg","contentUrl":"https:\/\/additioapp.com\/wp-content\/uploads\/2026\/03\/logo-web-by-seven.svg","caption":"Additio App"},"image":{"@id":"https:\/\/additioapp.com\/#\/schema\/logo\/image\/"}},{"@type":"Person","@id":"https:\/\/additioapp.com\/#\/schema\/person\/e2cbf614ee88414e795aff41430f8476","name":"Ivet Cano","image":{"@type":"ImageObject","inLanguage":"ca","@id":"https:\/\/additioapp.com\/#\/schema\/person\/image\/","url":"https:\/\/secure.gravatar.com\/avatar\/ed6ed3419bb06c8fd8e1c15011570cc9ccb473dabb3a00ef1ff4a81ed68369d9?s=96&d=mm&r=g","contentUrl":"https:\/\/secure.gravatar.com\/avatar\/ed6ed3419bb06c8fd8e1c15011570cc9ccb473dabb3a00ef1ff4a81ed68369d9?s=96&d=mm&r=g","caption":"Ivet Cano"}}]}},"_links":{"self":[{"href":"https:\/\/additioapp.com\/ca\/wp-json\/wp\/v2\/posts\/24505","targetHints":{"allow":["GET"]}}],"collection":[{"href":"https:\/\/additioapp.com\/ca\/wp-json\/wp\/v2\/posts"}],"about":[{"href":"https:\/\/additioapp.com\/ca\/wp-json\/wp\/v2\/types\/post"}],"author":[{"embeddable":true,"href":"https:\/\/additioapp.com\/ca\/wp-json\/wp\/v2\/users\/7"}],"replies":[{"embeddable":true,"href":"https:\/\/additioapp.com\/ca\/wp-json\/wp\/v2\/comments?post=24505"}],"version-history":[{"count":4,"href":"https:\/\/additioapp.com\/ca\/wp-json\/wp\/v2\/posts\/24505\/revisions"}],"predecessor-version":[{"id":24512,"href":"https:\/\/additioapp.com\/ca\/wp-json\/wp\/v2\/posts\/24505\/revisions\/24512"}],"wp:featuredmedia":[{"embeddable":true,"href":"https:\/\/additioapp.com\/ca\/wp-json\/wp\/v2\/media\/24472"}],"wp:attachment":[{"href":"https:\/\/additioapp.com\/ca\/wp-json\/wp\/v2\/media?parent=24505"}],"wp:term":[{"taxonomy":"category","embeddable":true,"href":"https:\/\/additioapp.com\/ca\/wp-json\/wp\/v2\/categories?post=24505"},{"taxonomy":"post_tag","embeddable":true,"href":"https:\/\/additioapp.com\/ca\/wp-json\/wp\/v2\/tags?post=24505"}],"curies":[{"name":"wp","href":"https:\/\/api.w.org\/{rel}","templated":true}]}}