{"id":23716,"date":"2023-01-18T11:57:37","date_gmt":"2023-01-18T11:57:37","guid":{"rendered":"https:\/\/additioapp.com\/ideas-para-trabajar-el-dia-internacional-de-la-educacion-en-clase\/"},"modified":"2023-04-17T06:45:25","modified_gmt":"2023-04-17T06:45:25","slug":"idees-per-a-treballar-el-dia-internacional-de-leducacio-a-classe","status":"publish","type":"post","link":"https:\/\/additioapp.com\/ca\/idees-per-a-treballar-el-dia-internacional-de-leducacio-a-classe\/","title":{"rendered":"Idees per a treballar el Dia internacional de l&#8217;Educaci\u00f3 a classe"},"content":{"rendered":"\n<p>Fa uns dies us vam compartir un <a href=\"https:\/\/additioapp.com\/ca\/calendari-de-dies-internacionals-per-a-treballar-a-classe-el-2023\/\" target=\"_blank\" rel=\"noreferrer noopener\">calendari&nbsp;descarregable<\/a> amb els dies internacionals que podeu treballar a classe aquest 2023. Aviat arriba una d&#8217;aquestes dates assenyalades, ja que el 24 de gener se celebra el Dia Internacional de l&#8217;Educaci\u00f3. Es tracta d&#8217;una data clau, proclamada per l&#8217;ONU, que val la pena tractar a classe, i es pot fer de moltes maneres diferents. Per aix\u00f2, avui us portem idees per a treballar el Dia Internacional de l&#8217;Educaci\u00f3 a classe.<\/p>\n\n\n\n<p>A m\u00e9s, enguany se celebrar\u00e0 sota el lema <strong>\u201cInvertir en les persones, prioritzar l&#8217;educaci\u00f3\u201d<\/strong>, mostrant la import\u00e0ncia de la mobilitzaci\u00f3 pol\u00edtica per a assegurar l&#8217;educaci\u00f3 i disminuir les desigualtats entre regions.<\/p>\n\n\n\n<p>Endavant amb el post!<\/p>\n\n\n\n<div style=\"height:50px\" aria-hidden=\"true\" class=\"wp-block-spacer\"><\/div>\n\n\n\n<figure class=\"wp-block-image size-large\"><img loading=\"lazy\" decoding=\"async\" width=\"1024\" height=\"572\" src=\"https:\/\/additioapp.com\/wp-content\/uploads\/2023\/01\/portada-1-1024x572.jpg\" alt=\"\" class=\"wp-image-23665\" srcset=\"https:\/\/additioapp.com\/wp-content\/uploads\/2023\/01\/portada-1-1024x572.jpg 1024w, https:\/\/additioapp.com\/wp-content\/uploads\/2023\/01\/portada-1-300x168.jpg 300w, https:\/\/additioapp.com\/wp-content\/uploads\/2023\/01\/portada-1-768x429.jpg 768w, https:\/\/additioapp.com\/wp-content\/uploads\/2023\/01\/portada-1-1536x859.jpg 1536w, https:\/\/additioapp.com\/wp-content\/uploads\/2023\/01\/portada-1-2048x1145.jpg 2048w\" sizes=\"auto, (max-width: 1024px) 100vw, 1024px\" \/><figcaption class=\"wp-element-caption\">Imatge de WokandaPix a Pixabay (<a href=\"https:\/\/www.woodenearth.com\/\" target=\"_blank\" rel=\"noreferrer noopener\">Wooden Earth Ltd<\/a>)<\/figcaption><\/figure>\n\n\n\n<div style=\"height:70px\" aria-hidden=\"true\" class=\"wp-block-spacer\"><\/div>\n\n\n\n<h2 class=\"wp-block-heading\">Aix\u00ed est\u00e0 l&#8217;educaci\u00f3 en el m\u00f3n<\/h2>\n\n\n\n<div style=\"height:30px\" aria-hidden=\"true\" class=\"wp-block-spacer\"><\/div>\n\n\n\n<p>Amb el Dia Internacional de l&#8217;Educaci\u00f3, que se celebra des de 2019, l&#8217;ONU busca <strong>conscienciar sobre la import\u00e0ncia de l&#8217;educaci\u00f3 per a aconseguir els Objectius de Desenvolupament Sostenible del 2030<\/strong>. Abans d&#8217;entrar en les idees per a treballar aquest dia a classe, vegem algunes dades que posen en relleu la import\u00e0ncia de l&#8217;educaci\u00f3.<\/p>\n\n\n\n<div style=\"height:20px\" aria-hidden=\"true\" class=\"wp-block-spacer\"><\/div>\n\n\n\n<ul class=\"wp-block-list\">\n<li>Avui dia, hi ha <strong>m\u00e9s de 250 milions de nens i adolescents en el m\u00f3n sense escolaritzar<\/strong>, i m\u00e9s de 600 milions que no saben llegir.<\/li>\n\n\n\n<li><strong>\u00c0frica Subsahariana \u00e9s la regi\u00f3 del m\u00f3n que t\u00e9 m\u00e9s nens sense escolaritzar<\/strong>, amb gaireb\u00e9 100 milions de nens.<\/li>\n\n\n\n<li>Gaireb\u00e9 130 milions de nenes a tot el m\u00f3n <strong>no van a escola<\/strong>.<\/li>\n\n\n\n<li>En pa\u00efsos en desenvolupament, <strong>nom\u00e9s un de cada cinc nens amb discapacitats assisteixen a l&#8217;escola.<\/strong><\/li>\n\n\n\n<li>En zones rurals o amb conflictes armats, <strong>sovint les escoles s\u00f3n tancades o destru\u00efdes<\/strong>, la qual cosa limita l&#8217;acc\u00e9s a l&#8217;educaci\u00f3 de milions de nens.<\/li>\n\n\n\n<li>En molts pa\u00efsos en desenvolupament, hi ha una <strong>falta generalitzada de docents<\/strong> necessaris per a garantir l&#8217;educaci\u00f3 universal, que serien entorn de 70 milions de docents.<\/li>\n<\/ul>\n\n\n\n<div style=\"height:30px\" aria-hidden=\"true\" class=\"wp-block-spacer\"><\/div>\n\n\n\n<figure class=\"wp-block-image size-large\"><img loading=\"lazy\" decoding=\"async\" width=\"1024\" height=\"572\" src=\"https:\/\/additioapp.com\/wp-content\/uploads\/2023\/01\/foto-2-1024x572.jpg\" alt=\"\" class=\"wp-image-23669\" srcset=\"https:\/\/additioapp.com\/wp-content\/uploads\/2023\/01\/foto-2-1024x572.jpg 1024w, https:\/\/additioapp.com\/wp-content\/uploads\/2023\/01\/foto-2-300x168.jpg 300w, https:\/\/additioapp.com\/wp-content\/uploads\/2023\/01\/foto-2-768x429.jpg 768w, https:\/\/additioapp.com\/wp-content\/uploads\/2023\/01\/foto-2-1536x858.jpg 1536w, https:\/\/additioapp.com\/wp-content\/uploads\/2023\/01\/foto-2-2048x1144.jpg 2048w\" sizes=\"auto, (max-width: 1024px) 100vw, 1024px\" \/><figcaption class=\"wp-element-caption\">Imatge de Pixabay<br><\/figcaption><\/figure>\n\n\n\n<div style=\"height:70px\" aria-hidden=\"true\" class=\"wp-block-spacer\"><\/div>\n\n\n\n<h2 class=\"wp-block-heading\">Activitat per a aprendre sobre l&#8217;educaci\u00f3 en altres parts del m\u00f3n<\/h2>\n\n\n\n<div style=\"height:30px\" aria-hidden=\"true\" class=\"wp-block-spacer\"><\/div>\n\n\n\n<p>Si hi ha alguna cosa que cal fer s\u00ed o s\u00ed en el Dia Internacional de l&#8217;Educaci\u00f3 a classe, \u00e9s aprendre sobre com \u00e9s l&#8217;educaci\u00f3 en altres parts del m\u00f3n. A m\u00e9s, aquesta activitat \u00e9s<strong> adaptable a diverses etapes educatives (prim\u00e0ria, secund\u00e0ria\u2026) i a diverses assignatures.<\/strong><\/p>\n\n\n\n<p>Amb aquesta activitat, veureu quines difer\u00e8ncies hi ha en l&#8217;educaci\u00f3 en diverses parts del m\u00f3n, especialment en el nivell d&#8217;escolaritzaci\u00f3 i en l&#8217;acc\u00e9s desigual a l&#8217;educaci\u00f3. L&#8217;important en aquesta activitat \u00e9s animar al teu alumnat a buscar informaci\u00f3 sobre l&#8217;educaci\u00f3 en un pa\u00eds o regi\u00f3 concreta, i despr\u00e9s ser capa\u00e7os de diferenciar entre l&#8217;educaci\u00f3 que ells reben i aquella que han investigat.<\/p>\n\n\n\n<p>Si ho necessites, aqu\u00ed et deixem una <a href=\"https:\/\/www.additiopedia.com\/rubricas\/aprendiendo-sobre-la-educacion-en-otras-partes-del-mundo\" target=\"_blank\" rel=\"noreferrer noopener\">r\u00fabrica per a avaluar un projecte sobre la recerca de com \u00e9s l&#8217;educaci\u00f3 en altres regions del m\u00f3n.<\/a><\/p>\n\n\n\n<figure class=\"wp-block-image size-large\"><img loading=\"lazy\" decoding=\"async\" width=\"1024\" height=\"572\" src=\"https:\/\/additioapp.com\/wp-content\/uploads\/2023\/01\/foto-3-1024x572.jpg\" alt=\"\" class=\"wp-image-23673\" srcset=\"https:\/\/additioapp.com\/wp-content\/uploads\/2023\/01\/foto-3-1024x572.jpg 1024w, https:\/\/additioapp.com\/wp-content\/uploads\/2023\/01\/foto-3-300x168.jpg 300w, https:\/\/additioapp.com\/wp-content\/uploads\/2023\/01\/foto-3-768x429.jpg 768w, https:\/\/additioapp.com\/wp-content\/uploads\/2023\/01\/foto-3-1536x859.jpg 1536w, https:\/\/additioapp.com\/wp-content\/uploads\/2023\/01\/foto-3-2048x1145.jpg 2048w\" sizes=\"auto, (max-width: 1024px) 100vw, 1024px\" \/><figcaption class=\"wp-element-caption\">Imatge de Roman Odintsov a Pexels<br><\/figcaption><\/figure>\n\n\n\n<div style=\"height:70px\" aria-hidden=\"true\" class=\"wp-block-spacer\"><\/div>\n\n\n\n<h2 class=\"wp-block-heading\">Convidar a un ponent d&#8217;una ONG que treballi per l&#8217;educaci\u00f3 igualit\u00e0ria<\/h2>\n\n\n\n<div style=\"height:30px\" aria-hidden=\"true\" class=\"wp-block-spacer\"><\/div>\n\n\n\n<p>Existeixen nombroses ONGs que lluiten per garantir una educaci\u00f3 igualit\u00e0ria a tot el m\u00f3n, perqu\u00e8 tots els nens i nenes puguin accedir a ella. Una bona manera de treballar el Dia Internacional de l&#8217;Educaci\u00f3 a classe \u00e9s portar a un ponent que pugui explicar la labor que realitzen des de la seva ONG, i <strong>quines experi\u00e8ncies han tingut al llarg de la seva traject\u00f2ria ajudant la inf\u00e0ncia a accedir a una educaci\u00f3 digna.<\/strong><\/p>\n\n\n\n<p>Amb aquesta pon\u00e8ncia, els estudiants podran connectar amb altres realitats diferents a la seva, especialment relacionades amb pa\u00efsos en vies de desenvolupament. En la xerrada, els representants de l&#8217;ONG poden parlar dels desafiaments amb els quals es troben dia a dia, quines solucions estan implementant, i com poden els estudiants ajudar en tot aix\u00f2.<\/p>\n\n\n\n<p>En general, <strong>es tracta d&#8217;acostar altres realitats educatives als teus estudiants, i ajudar-los a augmentar la sensaci\u00f3 de comprom\u00eds amb iniciatives que busquin millorar l&#8217;educaci\u00f3 en altres pa\u00efsos.<\/strong><\/p>\n\n\n\n<figure class=\"wp-block-image size-large\"><img loading=\"lazy\" decoding=\"async\" width=\"1024\" height=\"573\" src=\"https:\/\/additioapp.com\/wp-content\/uploads\/2023\/01\/foto-4-1024x573.jpg\" alt=\"\" class=\"wp-image-23677\" srcset=\"https:\/\/additioapp.com\/wp-content\/uploads\/2023\/01\/foto-4-1024x573.jpg 1024w, https:\/\/additioapp.com\/wp-content\/uploads\/2023\/01\/foto-4-300x168.jpg 300w, https:\/\/additioapp.com\/wp-content\/uploads\/2023\/01\/foto-4-768x430.jpg 768w, https:\/\/additioapp.com\/wp-content\/uploads\/2023\/01\/foto-4-1536x859.jpg 1536w, https:\/\/additioapp.com\/wp-content\/uploads\/2023\/01\/foto-4.jpg 1920w\" sizes=\"auto, (max-width: 1024px) 100vw, 1024px\" \/><figcaption class=\"wp-element-caption\">Imatge de Cheng a Pixabay<br><\/figcaption><\/figure>\n\n\n\n<div style=\"height:70px\" aria-hidden=\"true\" class=\"wp-block-spacer\"><\/div>\n\n\n\n<h2 class=\"wp-block-heading\">Redacci\u00f3 de cartes per a nens i nenes d&#8217;altres pa\u00efsos<\/h2>\n\n\n\n<div style=\"height:30px\" aria-hidden=\"true\" class=\"wp-block-spacer\"><\/div>\n\n\n\n<p>En les classes de llengua i literatura (o a classe d&#8217;idiomes), \u00e9s bona idea animar als estudiants a redactar cartes que enviarien a altres nens i nenes que viuen en altres parts del m\u00f3n. <strong>Es tracta que els expliquin la seva pr\u00f2pia situaci\u00f3 personal, i tot seguit els facin arribar els seus desitjos per a millorar la situaci\u00f3 que viuen aquests nens i nenes en altres pa\u00efsos.<\/strong><\/p>\n\n\n\n<p>Amb aix\u00f2, busquem que els estudiants interioritzin les realitats que es viuen en l&#8217;educaci\u00f3 en altres regions del m\u00f3n, i s\u00e0piguen valorar el que ells tenen. Pots assignar a cada estudiant o grup d&#8217;estudiants una zona o pa\u00eds concret, i ells hauran d&#8217;investigar m\u00e9s sobre com \u00e9s l&#8217;educaci\u00f3 en aquest pa\u00eds, i amb quines problem\u00e0tiques es troben els nens i nenes.<\/p>\n\n\n\n<p>A m\u00e9s, el teu alumnat pot incorporar dibuixos, fotografies o petits regals que posarien si tinguessin l&#8217;oportunitat d&#8217;enviar la carta. <strong>A nivell general, es tracta que els estudiants millorin la seva empatia i aprenguin m\u00e9s sobre l&#8217;educaci\u00f3 en altres regions del m\u00f3n.<\/strong><\/p>\n\n\n\n<figure class=\"wp-block-image size-large\"><img loading=\"lazy\" decoding=\"async\" width=\"1024\" height=\"572\" src=\"https:\/\/additioapp.com\/wp-content\/uploads\/2023\/01\/foto-5-1024x572.jpg\" alt=\"\" class=\"wp-image-23681\" srcset=\"https:\/\/additioapp.com\/wp-content\/uploads\/2023\/01\/foto-5-1024x572.jpg 1024w, https:\/\/additioapp.com\/wp-content\/uploads\/2023\/01\/foto-5-300x168.jpg 300w, https:\/\/additioapp.com\/wp-content\/uploads\/2023\/01\/foto-5-768x429.jpg 768w, https:\/\/additioapp.com\/wp-content\/uploads\/2023\/01\/foto-5-1536x859.jpg 1536w, https:\/\/additioapp.com\/wp-content\/uploads\/2023\/01\/foto-5-2048x1145.jpg 2048w\" sizes=\"auto, (max-width: 1024px) 100vw, 1024px\" \/><figcaption class=\"wp-element-caption\">Imatge de Cottonbro Studio a Pexels<br><\/figcaption><\/figure>\n\n\n\n<div style=\"height:70px\" aria-hidden=\"true\" class=\"wp-block-spacer\"><\/div>\n\n\n\n<h2 class=\"wp-block-heading\">Gravar un&nbsp;podcast&nbsp;sobre la import\u00e0ncia de l&#8217;educaci\u00f3<\/h2>\n\n\n\n<div style=\"height:30px\" aria-hidden=\"true\" class=\"wp-block-spacer\"><\/div>\n\n\n\n<p>Una altra idea per a fer amb els teus alumnes en el Dia Internacional de l&#8217;Educaci\u00f3 \u00e9s <strong>crear i gravar un episodi d&#8217;un&nbsp;podcast. <\/strong>Es tracta d&#8217;una activitat atractiva, que posar\u00e0 en relleu diverses compet\u00e8ncies del teu alumnat (compet\u00e8ncia digital, compet\u00e8ncia ling\u00fc\u00edstica, compet\u00e8ncia emprenedora\u2026).<\/p>\n\n\n\n<p>Per a comen\u00e7ar, haur\u00e0s d&#8217;explicar-los b\u00e9 qu\u00e8 \u00e9s un&nbsp;podcast, la rellev\u00e0ncia que t\u00e9 avui dia en la societat, i caracter\u00edstiques b\u00e0siques per a crear-ne i gravar-ne un. Tot seguit, dividir\u00e0s la teva classe en diversos grups, i a cadascun li assignar\u00e0s una tem\u00e0tica en concret (acc\u00e9s igualitari a l&#8217;educaci\u00f3, difer\u00e8ncies entre pa\u00efsos, acc\u00e9s de dones a l&#8217;educaci\u00f3 b\u00e0sica, etc.).<\/p>\n\n\n\n<p>Despr\u00e9s, els teus estudiants hauran d&#8217;informar-se sobre la tem\u00e0tica, a partir de fonts fiables i actualitzades, i preparar un gui\u00f3 per al&nbsp;podcast, en el qual reflexionin sobre diversos aspectes sobre l&#8217;educaci\u00f3. Finalment, hauran de gravar-ho i compartir-ho amb la resta de la classe.<\/p>\n\n\n\n<p>Per a aquesta activitat, pot ser una bona idea usar <strong>r\u00fabriques de coavaluaci\u00f3, per a motivar el treball en equip i incrementar l&#8217;atenci\u00f3 cap als treballs realitzats per altres equips.<\/strong><\/p>\n\n\n\n<figure class=\"wp-block-image size-large\"><img loading=\"lazy\" decoding=\"async\" width=\"1024\" height=\"572\" src=\"https:\/\/additioapp.com\/wp-content\/uploads\/2023\/01\/foto-6-1024x572.jpg\" alt=\"\" class=\"wp-image-23687\" srcset=\"https:\/\/additioapp.com\/wp-content\/uploads\/2023\/01\/foto-6-1024x572.jpg 1024w, https:\/\/additioapp.com\/wp-content\/uploads\/2023\/01\/foto-6-300x168.jpg 300w, https:\/\/additioapp.com\/wp-content\/uploads\/2023\/01\/foto-6-768x429.jpg 768w, https:\/\/additioapp.com\/wp-content\/uploads\/2023\/01\/foto-6-1536x858.jpg 1536w, https:\/\/additioapp.com\/wp-content\/uploads\/2023\/01\/foto-6-2048x1145.jpg 2048w\" sizes=\"auto, (max-width: 1024px) 100vw, 1024px\" \/><figcaption class=\"wp-element-caption\">Imatge de Magda Ehlers a Pexels<br><\/figcaption><\/figure>\n\n\n\n<div style=\"height:70px\" aria-hidden=\"true\" class=\"wp-block-spacer\"><\/div>\n\n\n\n<h3 class=\"wp-block-heading\">I tu, com celebrar\u00e0s el Dia Internacional de l&#8217;Educaci\u00f3 a classe?<\/h3>\n\n\n\n<div style=\"height:20px\" aria-hidden=\"true\" class=\"wp-block-spacer\"><\/div>\n\n\n\n<p>Ja sigui realitzant una de les activitats que et proposem, o ideant-ne de noves, el Dia Internacional de l&#8217;Educaci\u00f3 \u00e9s una bona data per a treballar a classe amb el teu alumnat, i pot treballar-se des de diferents perspectives, nivells educatius i assignatures. Explica&#8217;ns com ho treballes, et llegim!<\/p>\n\n\n\n<p>I, com sempre, ens trobar\u00e0s en les nostres xarxes socials: <a href=\"https:\/\/www.facebook.com\/profile.php?id=100063661895488\" target=\"_blank\" rel=\"noreferrer noopener\">Facebook<\/a>, <a href=\"https:\/\/twitter.com\/additioapp\" target=\"_blank\" rel=\"noreferrer noopener\">Twitter<\/a>, <a href=\"https:\/\/www.instagram.com\/additioapp\/\" target=\"_blank\" rel=\"noreferrer noopener\">Instagram <\/a>i <a href=\"https:\/\/www.youtube.com\/additioapp\" target=\"_blank\" rel=\"noreferrer noopener\">Youtube<\/a>.<\/p>\n\n\n\n<p>\u00a1Fins aviat!<\/p>\n","protected":false},"excerpt":{"rendered":"<p>Fa uns dies us vam compartir un calendari&nbsp;descarregable amb els dies internacionals que podeu treballar a classe aquest 2023. Aviat arriba una d&#8217;aquestes dates assenyalades, ja que el 24 de gener se celebra el Dia Internacional de l&#8217;Educaci\u00f3. Es tracta d&#8217;una data clau, proclamada per l&#8217;ONU, que val la pena tractar a classe, i es [&hellip;]<\/p>\n","protected":false},"author":7,"featured_media":23662,"comment_status":"closed","ping_status":"closed","sticky":false,"template":"","format":"standard","meta":{"_acf_changed":false,"inline_featured_image":false,"footnotes":""},"categories":[186],"tags":[],"class_list":["post-23716","post","type-post","status-publish","format-standard","has-post-thumbnail","hentry","category-idees"],"acf":[],"yoast_head":"<!-- This site is optimized with the Yoast SEO plugin v26.1.1 - https:\/\/yoast.com\/wordpress\/plugins\/seo\/ -->\n<title>Idees per a treballar el Dia internacional de l&#039;Educaci\u00f3 a classe - Additio App<\/title>\n<meta name=\"description\" content=\"Vols tractar el Dia Internacional de l&#039;Educaci\u00f3 a classe? No et perdis aquest post on et donem idees per a totes les etapes educatives.\" \/>\n<meta name=\"robots\" content=\"index, follow, max-snippet:-1, max-image-preview:large, max-video-preview:-1\" \/>\n<link rel=\"canonical\" href=\"https:\/\/additioapp.com\/ca\/idees-per-a-treballar-el-dia-internacional-de-leducacio-a-classe\/\" \/>\n<meta property=\"og:locale\" content=\"ca_ES\" \/>\n<meta property=\"og:type\" content=\"article\" \/>\n<meta property=\"og:title\" content=\"Idees per a treballar el Dia internacional de l&#039;Educaci\u00f3 a classe - Additio App\" \/>\n<meta property=\"og:description\" content=\"Vols tractar el Dia Internacional de l&#039;Educaci\u00f3 a classe? No et perdis aquest post on et donem idees per a totes les etapes educatives.\" \/>\n<meta property=\"og:url\" content=\"https:\/\/additioapp.com\/ca\/idees-per-a-treballar-el-dia-internacional-de-leducacio-a-classe\/\" \/>\n<meta property=\"og:site_name\" content=\"Additio App\" \/>\n<meta property=\"article:published_time\" content=\"2023-01-18T11:57:37+00:00\" \/>\n<meta property=\"article:modified_time\" content=\"2023-04-17T06:45:25+00:00\" \/>\n<meta property=\"og:image\" content=\"https:\/\/additioapp.com\/wp-content\/uploads\/2023\/01\/portada-scaled.jpg\" \/>\n\t<meta property=\"og:image:width\" content=\"2560\" \/>\n\t<meta property=\"og:image:height\" content=\"1431\" \/>\n\t<meta property=\"og:image:type\" content=\"image\/jpeg\" \/>\n<meta name=\"author\" content=\"Ivet Cano\" \/>\n<meta name=\"twitter:card\" content=\"summary_large_image\" \/>\n<meta name=\"twitter:label1\" content=\"Escrit per\" \/>\n\t<meta name=\"twitter:data1\" content=\"Ivet Cano\" \/>\n\t<meta name=\"twitter:label2\" content=\"Temps estimat de lectura\" \/>\n\t<meta name=\"twitter:data2\" content=\"7 minuts\" \/>\n<script type=\"application\/ld+json\" class=\"yoast-schema-graph\">{\"@context\":\"https:\/\/schema.org\",\"@graph\":[{\"@type\":\"Article\",\"@id\":\"https:\/\/additioapp.com\/ca\/idees-per-a-treballar-el-dia-internacional-de-leducacio-a-classe\/#article\",\"isPartOf\":{\"@id\":\"https:\/\/additioapp.com\/ca\/idees-per-a-treballar-el-dia-internacional-de-leducacio-a-classe\/\"},\"author\":{\"name\":\"Ivet Cano\",\"@id\":\"https:\/\/additioapp.com\/#\/schema\/person\/e2cbf614ee88414e795aff41430f8476\"},\"headline\":\"Idees per a treballar el Dia internacional de l&#8217;Educaci\u00f3 a classe\",\"datePublished\":\"2023-01-18T11:57:37+00:00\",\"dateModified\":\"2023-04-17T06:45:25+00:00\",\"mainEntityOfPage\":{\"@id\":\"https:\/\/additioapp.com\/ca\/idees-per-a-treballar-el-dia-internacional-de-leducacio-a-classe\/\"},\"wordCount\":1226,\"publisher\":{\"@id\":\"https:\/\/additioapp.com\/#organization\"},\"image\":{\"@id\":\"https:\/\/additioapp.com\/ca\/idees-per-a-treballar-el-dia-internacional-de-leducacio-a-classe\/#primaryimage\"},\"thumbnailUrl\":\"https:\/\/additioapp.com\/wp-content\/uploads\/2023\/01\/portada-scaled.jpg\",\"articleSection\":[\"Idees\"],\"inLanguage\":\"ca\"},{\"@type\":\"WebPage\",\"@id\":\"https:\/\/additioapp.com\/ca\/idees-per-a-treballar-el-dia-internacional-de-leducacio-a-classe\/\",\"url\":\"https:\/\/additioapp.com\/ca\/idees-per-a-treballar-el-dia-internacional-de-leducacio-a-classe\/\",\"name\":\"Idees per a treballar el Dia internacional de l'Educaci\u00f3 a classe - Additio App\",\"isPartOf\":{\"@id\":\"https:\/\/additioapp.com\/#website\"},\"primaryImageOfPage\":{\"@id\":\"https:\/\/additioapp.com\/ca\/idees-per-a-treballar-el-dia-internacional-de-leducacio-a-classe\/#primaryimage\"},\"image\":{\"@id\":\"https:\/\/additioapp.com\/ca\/idees-per-a-treballar-el-dia-internacional-de-leducacio-a-classe\/#primaryimage\"},\"thumbnailUrl\":\"https:\/\/additioapp.com\/wp-content\/uploads\/2023\/01\/portada-scaled.jpg\",\"datePublished\":\"2023-01-18T11:57:37+00:00\",\"dateModified\":\"2023-04-17T06:45:25+00:00\",\"description\":\"Vols tractar el Dia Internacional de l'Educaci\u00f3 a classe? No et perdis aquest post on et donem idees per a totes les etapes educatives.\",\"breadcrumb\":{\"@id\":\"https:\/\/additioapp.com\/ca\/idees-per-a-treballar-el-dia-internacional-de-leducacio-a-classe\/#breadcrumb\"},\"inLanguage\":\"ca\",\"potentialAction\":[{\"@type\":\"ReadAction\",\"target\":[\"https:\/\/additioapp.com\/ca\/idees-per-a-treballar-el-dia-internacional-de-leducacio-a-classe\/\"]}]},{\"@type\":\"ImageObject\",\"inLanguage\":\"ca\",\"@id\":\"https:\/\/additioapp.com\/ca\/idees-per-a-treballar-el-dia-internacional-de-leducacio-a-classe\/#primaryimage\",\"url\":\"https:\/\/additioapp.com\/wp-content\/uploads\/2023\/01\/portada-scaled.jpg\",\"contentUrl\":\"https:\/\/additioapp.com\/wp-content\/uploads\/2023\/01\/portada-scaled.jpg\",\"width\":2560,\"height\":1431},{\"@type\":\"BreadcrumbList\",\"@id\":\"https:\/\/additioapp.com\/ca\/idees-per-a-treballar-el-dia-internacional-de-leducacio-a-classe\/#breadcrumb\",\"itemListElement\":[{\"@type\":\"ListItem\",\"position\":1,\"name\":\"Portada\",\"item\":\"https:\/\/additioapp.com\/ca\/\"},{\"@type\":\"ListItem\",\"position\":2,\"name\":\"Idees per a treballar el Dia internacional de l&#8217;Educaci\u00f3 a classe\"}]},{\"@type\":\"WebSite\",\"@id\":\"https:\/\/additioapp.com\/#website\",\"url\":\"https:\/\/additioapp.com\/\",\"name\":\"Additio App\",\"description\":\"Plataforma de gesti\u00f3 escolar de nova generaci\u00f3\",\"publisher\":{\"@id\":\"https:\/\/additioapp.com\/#organization\"},\"potentialAction\":[{\"@type\":\"SearchAction\",\"target\":{\"@type\":\"EntryPoint\",\"urlTemplate\":\"https:\/\/additioapp.com\/?s={search_term_string}\"},\"query-input\":{\"@type\":\"PropertyValueSpecification\",\"valueRequired\":true,\"valueName\":\"search_term_string\"}}],\"inLanguage\":\"ca\"},{\"@type\":\"Organization\",\"@id\":\"https:\/\/additioapp.com\/#organization\",\"name\":\"Additio App\",\"url\":\"https:\/\/additioapp.com\/\",\"logo\":{\"@type\":\"ImageObject\",\"inLanguage\":\"ca\",\"@id\":\"https:\/\/additioapp.com\/#\/schema\/logo\/image\/\",\"url\":\"https:\/\/additioapp.com\/wp-content\/uploads\/2026\/03\/logo-web-by-seven.svg\",\"contentUrl\":\"https:\/\/additioapp.com\/wp-content\/uploads\/2026\/03\/logo-web-by-seven.svg\",\"caption\":\"Additio App\"},\"image\":{\"@id\":\"https:\/\/additioapp.com\/#\/schema\/logo\/image\/\"}},{\"@type\":\"Person\",\"@id\":\"https:\/\/additioapp.com\/#\/schema\/person\/e2cbf614ee88414e795aff41430f8476\",\"name\":\"Ivet Cano\",\"image\":{\"@type\":\"ImageObject\",\"inLanguage\":\"ca\",\"@id\":\"https:\/\/additioapp.com\/#\/schema\/person\/image\/\",\"url\":\"https:\/\/secure.gravatar.com\/avatar\/ed6ed3419bb06c8fd8e1c15011570cc9ccb473dabb3a00ef1ff4a81ed68369d9?s=96&d=mm&r=g\",\"contentUrl\":\"https:\/\/secure.gravatar.com\/avatar\/ed6ed3419bb06c8fd8e1c15011570cc9ccb473dabb3a00ef1ff4a81ed68369d9?s=96&d=mm&r=g\",\"caption\":\"Ivet Cano\"}}]}<\/script>\n<!-- \/ Yoast SEO plugin. -->","yoast_head_json":{"title":"Idees per a treballar el Dia internacional de l'Educaci\u00f3 a classe - Additio App","description":"Vols tractar el Dia Internacional de l'Educaci\u00f3 a classe? No et perdis aquest post on et donem idees per a totes les etapes educatives.","robots":{"index":"index","follow":"follow","max-snippet":"max-snippet:-1","max-image-preview":"max-image-preview:large","max-video-preview":"max-video-preview:-1"},"canonical":"https:\/\/additioapp.com\/ca\/idees-per-a-treballar-el-dia-internacional-de-leducacio-a-classe\/","og_locale":"ca_ES","og_type":"article","og_title":"Idees per a treballar el Dia internacional de l'Educaci\u00f3 a classe - Additio App","og_description":"Vols tractar el Dia Internacional de l'Educaci\u00f3 a classe? No et perdis aquest post on et donem idees per a totes les etapes educatives.","og_url":"https:\/\/additioapp.com\/ca\/idees-per-a-treballar-el-dia-internacional-de-leducacio-a-classe\/","og_site_name":"Additio App","article_published_time":"2023-01-18T11:57:37+00:00","article_modified_time":"2023-04-17T06:45:25+00:00","og_image":[{"width":2560,"height":1431,"url":"https:\/\/additioapp.com\/wp-content\/uploads\/2023\/01\/portada-scaled.jpg","type":"image\/jpeg"}],"author":"Ivet Cano","twitter_card":"summary_large_image","twitter_misc":{"Escrit per":"Ivet Cano","Temps estimat de lectura":"7 minuts"},"schema":{"@context":"https:\/\/schema.org","@graph":[{"@type":"Article","@id":"https:\/\/additioapp.com\/ca\/idees-per-a-treballar-el-dia-internacional-de-leducacio-a-classe\/#article","isPartOf":{"@id":"https:\/\/additioapp.com\/ca\/idees-per-a-treballar-el-dia-internacional-de-leducacio-a-classe\/"},"author":{"name":"Ivet Cano","@id":"https:\/\/additioapp.com\/#\/schema\/person\/e2cbf614ee88414e795aff41430f8476"},"headline":"Idees per a treballar el Dia internacional de l&#8217;Educaci\u00f3 a classe","datePublished":"2023-01-18T11:57:37+00:00","dateModified":"2023-04-17T06:45:25+00:00","mainEntityOfPage":{"@id":"https:\/\/additioapp.com\/ca\/idees-per-a-treballar-el-dia-internacional-de-leducacio-a-classe\/"},"wordCount":1226,"publisher":{"@id":"https:\/\/additioapp.com\/#organization"},"image":{"@id":"https:\/\/additioapp.com\/ca\/idees-per-a-treballar-el-dia-internacional-de-leducacio-a-classe\/#primaryimage"},"thumbnailUrl":"https:\/\/additioapp.com\/wp-content\/uploads\/2023\/01\/portada-scaled.jpg","articleSection":["Idees"],"inLanguage":"ca"},{"@type":"WebPage","@id":"https:\/\/additioapp.com\/ca\/idees-per-a-treballar-el-dia-internacional-de-leducacio-a-classe\/","url":"https:\/\/additioapp.com\/ca\/idees-per-a-treballar-el-dia-internacional-de-leducacio-a-classe\/","name":"Idees per a treballar el Dia internacional de l'Educaci\u00f3 a classe - Additio App","isPartOf":{"@id":"https:\/\/additioapp.com\/#website"},"primaryImageOfPage":{"@id":"https:\/\/additioapp.com\/ca\/idees-per-a-treballar-el-dia-internacional-de-leducacio-a-classe\/#primaryimage"},"image":{"@id":"https:\/\/additioapp.com\/ca\/idees-per-a-treballar-el-dia-internacional-de-leducacio-a-classe\/#primaryimage"},"thumbnailUrl":"https:\/\/additioapp.com\/wp-content\/uploads\/2023\/01\/portada-scaled.jpg","datePublished":"2023-01-18T11:57:37+00:00","dateModified":"2023-04-17T06:45:25+00:00","description":"Vols tractar el Dia Internacional de l'Educaci\u00f3 a classe? No et perdis aquest post on et donem idees per a totes les etapes educatives.","breadcrumb":{"@id":"https:\/\/additioapp.com\/ca\/idees-per-a-treballar-el-dia-internacional-de-leducacio-a-classe\/#breadcrumb"},"inLanguage":"ca","potentialAction":[{"@type":"ReadAction","target":["https:\/\/additioapp.com\/ca\/idees-per-a-treballar-el-dia-internacional-de-leducacio-a-classe\/"]}]},{"@type":"ImageObject","inLanguage":"ca","@id":"https:\/\/additioapp.com\/ca\/idees-per-a-treballar-el-dia-internacional-de-leducacio-a-classe\/#primaryimage","url":"https:\/\/additioapp.com\/wp-content\/uploads\/2023\/01\/portada-scaled.jpg","contentUrl":"https:\/\/additioapp.com\/wp-content\/uploads\/2023\/01\/portada-scaled.jpg","width":2560,"height":1431},{"@type":"BreadcrumbList","@id":"https:\/\/additioapp.com\/ca\/idees-per-a-treballar-el-dia-internacional-de-leducacio-a-classe\/#breadcrumb","itemListElement":[{"@type":"ListItem","position":1,"name":"Portada","item":"https:\/\/additioapp.com\/ca\/"},{"@type":"ListItem","position":2,"name":"Idees per a treballar el Dia internacional de l&#8217;Educaci\u00f3 a classe"}]},{"@type":"WebSite","@id":"https:\/\/additioapp.com\/#website","url":"https:\/\/additioapp.com\/","name":"Additio App","description":"Plataforma de gesti\u00f3 escolar de nova generaci\u00f3","publisher":{"@id":"https:\/\/additioapp.com\/#organization"},"potentialAction":[{"@type":"SearchAction","target":{"@type":"EntryPoint","urlTemplate":"https:\/\/additioapp.com\/?s={search_term_string}"},"query-input":{"@type":"PropertyValueSpecification","valueRequired":true,"valueName":"search_term_string"}}],"inLanguage":"ca"},{"@type":"Organization","@id":"https:\/\/additioapp.com\/#organization","name":"Additio App","url":"https:\/\/additioapp.com\/","logo":{"@type":"ImageObject","inLanguage":"ca","@id":"https:\/\/additioapp.com\/#\/schema\/logo\/image\/","url":"https:\/\/additioapp.com\/wp-content\/uploads\/2026\/03\/logo-web-by-seven.svg","contentUrl":"https:\/\/additioapp.com\/wp-content\/uploads\/2026\/03\/logo-web-by-seven.svg","caption":"Additio App"},"image":{"@id":"https:\/\/additioapp.com\/#\/schema\/logo\/image\/"}},{"@type":"Person","@id":"https:\/\/additioapp.com\/#\/schema\/person\/e2cbf614ee88414e795aff41430f8476","name":"Ivet Cano","image":{"@type":"ImageObject","inLanguage":"ca","@id":"https:\/\/additioapp.com\/#\/schema\/person\/image\/","url":"https:\/\/secure.gravatar.com\/avatar\/ed6ed3419bb06c8fd8e1c15011570cc9ccb473dabb3a00ef1ff4a81ed68369d9?s=96&d=mm&r=g","contentUrl":"https:\/\/secure.gravatar.com\/avatar\/ed6ed3419bb06c8fd8e1c15011570cc9ccb473dabb3a00ef1ff4a81ed68369d9?s=96&d=mm&r=g","caption":"Ivet Cano"}}]}},"_links":{"self":[{"href":"https:\/\/additioapp.com\/ca\/wp-json\/wp\/v2\/posts\/23716","targetHints":{"allow":["GET"]}}],"collection":[{"href":"https:\/\/additioapp.com\/ca\/wp-json\/wp\/v2\/posts"}],"about":[{"href":"https:\/\/additioapp.com\/ca\/wp-json\/wp\/v2\/types\/post"}],"author":[{"embeddable":true,"href":"https:\/\/additioapp.com\/ca\/wp-json\/wp\/v2\/users\/7"}],"replies":[{"embeddable":true,"href":"https:\/\/additioapp.com\/ca\/wp-json\/wp\/v2\/comments?post=23716"}],"version-history":[{"count":14,"href":"https:\/\/additioapp.com\/ca\/wp-json\/wp\/v2\/posts\/23716\/revisions"}],"predecessor-version":[{"id":24686,"href":"https:\/\/additioapp.com\/ca\/wp-json\/wp\/v2\/posts\/23716\/revisions\/24686"}],"wp:featuredmedia":[{"embeddable":true,"href":"https:\/\/additioapp.com\/ca\/wp-json\/wp\/v2\/media\/23662"}],"wp:attachment":[{"href":"https:\/\/additioapp.com\/ca\/wp-json\/wp\/v2\/media?parent=23716"}],"wp:term":[{"taxonomy":"category","embeddable":true,"href":"https:\/\/additioapp.com\/ca\/wp-json\/wp\/v2\/categories?post=23716"},{"taxonomy":"post_tag","embeddable":true,"href":"https:\/\/additioapp.com\/ca\/wp-json\/wp\/v2\/tags?post=23716"}],"curies":[{"name":"wp","href":"https:\/\/api.w.org\/{rel}","templated":true}]}}