{"id":23019,"date":"2022-12-07T12:45:14","date_gmt":"2022-12-07T12:45:14","guid":{"rendered":"https:\/\/additioapp.com\/sin-ideas-para-la-navidad-en-clase-aqui-tienes-5-actividades-navidenas-originales\/"},"modified":"2022-12-07T13:06:38","modified_gmt":"2022-12-07T13:06:38","slug":"sense-idees-nadal-classe-5-idees-activitats-nadalenques-originals","status":"publish","type":"post","link":"https:\/\/additioapp.com\/ca\/sense-idees-nadal-classe-5-idees-activitats-nadalenques-originals\/","title":{"rendered":"Sense idees pel Nadal a classe? Aqu\u00ed tens 5 activitats nadalenques originals"},"content":{"rendered":"\n<p>Arriba desembre, i amb aix\u00f2 arriben les esperades vacances de Nadal. Any rere any, s\u00f3n molts els docents que busquen realitzar activitats nadalenques en classe per tal d\u2019amenitzar l&#8217;espera de les vacances, per\u00f2 siguem realistes: arriba un punt que se&#8217;ns acaben les idees!&nbsp;<\/p>\n\n\n\n<p>Que si pintar un Pare Noel, que si veure una pel\u00b7l\u00edcula d&#8217;aquestes t\u00edpiques de Nadal, que si aprendre&#8217;s la nadala de torn\u2026 Toca renovar-se! I si t&#8217;has quedat sense idees pel Nadal a classe, no et preocupis, perqu\u00e8 en aquest post veur\u00e0s <strong>5 activitats nadalenques per a classe originals, diferents i molt divertides per al teu alumnat.&nbsp;<\/strong><\/p>\n\n\n\n<p>Si ja ho tens tot llest, endavant amb el post!<\/p>\n\n\n\n<figure class=\"wp-block-image size-large\"><img loading=\"lazy\" decoding=\"async\" width=\"1024\" height=\"572\" src=\"https:\/\/additioapp.com\/wp-content\/uploads\/2022\/12\/FOTO-PORTADA-1024x572.jpg\" alt=\"\" class=\"wp-image-23006\" srcset=\"https:\/\/additioapp.com\/wp-content\/uploads\/2022\/12\/FOTO-PORTADA-1024x572.jpg 1024w, https:\/\/additioapp.com\/wp-content\/uploads\/2022\/12\/FOTO-PORTADA-300x168.jpg 300w, https:\/\/additioapp.com\/wp-content\/uploads\/2022\/12\/FOTO-PORTADA-768x429.jpg 768w, https:\/\/additioapp.com\/wp-content\/uploads\/2022\/12\/FOTO-PORTADA.jpg 1120w\" sizes=\"auto, (max-width: 1024px) 100vw, 1024px\" \/><figcaption class=\"wp-element-caption\">Imatge feta per Nathan J. Hilton per a Pexels<br><\/figcaption><\/figure>\n\n\n\n<div style=\"height:30px\" aria-hidden=\"true\" class=\"wp-block-spacer\"><\/div>\n\n\n\n<h2 class=\"wp-block-heading\">1. Per desenvolupar la intel\u00b7lig\u00e8ncia musical: i si ens inventem una nadala?<\/h2>\n\n\n\n<p>Les nadales tradicionals s\u00f3n justament aix\u00f2, tradicionals. Per aix\u00f2, no suposen un repte m\u00e9s enll\u00e0 d&#8217;aprendre&#8217;s la lletra per a recitar-la davant de la fam\u00edlia. Tot i aix\u00ed, s\u00f3n molt importants en la nostra cultura, aix\u00ed que una activitat original i interessant per a treballar el Nadal a classe \u00e9s inventar una nadala.<\/p>\n\n\n\n<p><strong>El fet d&#8217;inventar una nova lletra per a una nadala desenvolupar\u00e0 la creativitat del teu alumnat.<\/strong> Pots treballar-ho a nivell grupal amb tota la classe, o pots demanar als teus estudiants que s&#8217;ajuntin en grups per a fer la tasca, i despr\u00e9s ensenyar a la resta de classe el resultat.<\/p>\n\n\n\n<p>A m\u00e9s, no nom\u00e9s&nbsp; es treballar\u00e0 el seu desenvolupament creatiu, sin\u00f3 que ajudar\u00e0 a <strong>potenciar la intel\u00b7lig\u00e8ncia musical del teu alumnat, els quals aprendran a apreciar millor la m\u00fasica i el proc\u00e9s que comporta fer una creaci\u00f3 musical.<\/strong><\/p>\n\n\n\n<figure class=\"wp-block-image size-large\"><img loading=\"lazy\" decoding=\"async\" width=\"1024\" height=\"572\" src=\"https:\/\/additioapp.com\/wp-content\/uploads\/2022\/12\/idea-1-1-1024x572.png\" alt=\"\" class=\"wp-image-22954\" srcset=\"https:\/\/additioapp.com\/wp-content\/uploads\/2022\/12\/idea-1-1-1024x572.png 1024w, https:\/\/additioapp.com\/wp-content\/uploads\/2022\/12\/idea-1-1-300x168.png 300w, https:\/\/additioapp.com\/wp-content\/uploads\/2022\/12\/idea-1-1-768x429.png 768w, https:\/\/additioapp.com\/wp-content\/uploads\/2022\/12\/idea-1-1.png 1120w\" sizes=\"auto, (max-width: 1024px) 100vw, 1024px\" \/><\/figure>\n\n\n\n<div style=\"height:71px\" aria-hidden=\"true\" class=\"wp-block-spacer\"><\/div>\n\n\n\n<h2 class=\"wp-block-heading\">2. Per aprendre sobre les tradicions nadalenques d\u2019arreu del m\u00f3n: crea un quiz<\/h2>\n\n\n\n<p>El Nadal se celebra de maneres molt diferents, depenent de la part del m\u00f3n on ens trobem, o de la cultura. Per\u00f2, <strong>quant saben els teus estudiants sobre aquestes tradicions nadalenques?<\/strong><\/p>\n\n\n\n<p>Posa&#8217;ls a prova amb un quiz, en el qual els pots plantejar diverses q\u00fcestions sobre com es viu el Nadal en diferents pa\u00efsos, i les seves tradicions m\u00e9s famoses. Amb la nostra<a href=\"https:\/\/additioapp.com\/ca\/examens-i-activitats-online\/\"><strong> funci\u00f3 de quiz a Additio<\/strong><\/a><strong>, ho tindr\u00e0s molt f\u00e0cil<\/strong>, i segur que ser\u00e0 divertit per a tots descobrir aquestes tradicions.<\/p>\n\n\n\n<p>Si necessites una empenta per a comen\u00e7ar, aqu\u00ed tens algunes dades nadalenques que ens han semblat molt interessants per veure altres cares del Nadal a classe:<\/p>\n\n\n\n<ul class=\"wp-block-list\">\n<li>Al Jap\u00f3 \u00e9s tradici\u00f3 menjar pollastre fregit el dia 23 de desembre.<\/li>\n\n\n\n<li>La ciutat de Rovaniemi, a Finl\u00e0ndia, \u00e9s considerada la resid\u00e8ncia oficial del Pare Noel.<\/li>\n\n\n\n<li>A \u00c0ustria, \u00e9s important la figura del Krampus, \u00e9s a dir, el dimoni nadalenc, ant\u00edtesi del Pare Noel.<\/li>\n\n\n\n<li>A Noruega amaguen les escombres el 24 de desembre per la nit perqu\u00e8 les bruixes no puguin volar.<\/li>\n<\/ul>\n\n\n\n<p>I en les seg\u00fcents imatges pots veure com ho hem reflectit en un quiz fet en la nostra plataforma. Amb l&#8217;ampli ventall d&#8217;opcions que tens al teu abast, segur que fas un quiz molt divertit!<\/p>\n\n\n\n<div class=\"wp-block-jetpack-slideshow aligncenter\" data-effect=\"slide\"><div class=\"wp-block-jetpack-slideshow_container swiper-container\"><ul class=\"wp-block-jetpack-slideshow_swiper-wrapper swiper-wrapper\"><li class=\"wp-block-jetpack-slideshow_slide swiper-slide\"><figure><img loading=\"lazy\" decoding=\"async\" width=\"1024\" height=\"419\" alt=\"\" class=\"wp-block-jetpack-slideshow_image wp-image-22974\" data-id=\"22974\" src=\"https:\/\/additioapp.com\/wp-content\/uploads\/2022\/12\/idea-2_1-1.png\" srcset=\"https:\/\/additioapp.com\/wp-content\/uploads\/2022\/12\/idea-2_1-1.png 1024w, https:\/\/additioapp.com\/wp-content\/uploads\/2022\/12\/idea-2_1-1-300x123.png 300w, https:\/\/additioapp.com\/wp-content\/uploads\/2022\/12\/idea-2_1-1-768x314.png 768w\" sizes=\"auto, (max-width: 1024px) 100vw, 1024px\" \/><\/figure><\/li><li class=\"wp-block-jetpack-slideshow_slide swiper-slide\"><figure><img loading=\"lazy\" decoding=\"async\" width=\"852\" height=\"398\" alt=\"\" class=\"wp-block-jetpack-slideshow_image wp-image-22978\" data-id=\"22978\" src=\"https:\/\/additioapp.com\/wp-content\/uploads\/2022\/12\/idea-2_2-1.png\" srcset=\"https:\/\/additioapp.com\/wp-content\/uploads\/2022\/12\/idea-2_2-1.png 852w, https:\/\/additioapp.com\/wp-content\/uploads\/2022\/12\/idea-2_2-1-300x140.png 300w, https:\/\/additioapp.com\/wp-content\/uploads\/2022\/12\/idea-2_2-1-768x359.png 768w\" sizes=\"auto, (max-width: 852px) 100vw, 852px\" \/><\/figure><\/li><li class=\"wp-block-jetpack-slideshow_slide swiper-slide\"><figure><img loading=\"lazy\" decoding=\"async\" width=\"820\" height=\"380\" alt=\"\" class=\"wp-block-jetpack-slideshow_image wp-image-22982\" data-id=\"22982\" src=\"https:\/\/additioapp.com\/wp-content\/uploads\/2022\/12\/idea-2_3-1.png\" srcset=\"https:\/\/additioapp.com\/wp-content\/uploads\/2022\/12\/idea-2_3-1.png 820w, https:\/\/additioapp.com\/wp-content\/uploads\/2022\/12\/idea-2_3-1-300x139.png 300w, https:\/\/additioapp.com\/wp-content\/uploads\/2022\/12\/idea-2_3-1-768x356.png 768w\" sizes=\"auto, (max-width: 820px) 100vw, 820px\" \/><\/figure><\/li><li class=\"wp-block-jetpack-slideshow_slide swiper-slide\"><figure><img loading=\"lazy\" decoding=\"async\" width=\"852\" height=\"417\" alt=\"\" class=\"wp-block-jetpack-slideshow_image wp-image-22986\" data-id=\"22986\" src=\"https:\/\/additioapp.com\/wp-content\/uploads\/2022\/12\/idea-2_4-1.png\" srcset=\"https:\/\/additioapp.com\/wp-content\/uploads\/2022\/12\/idea-2_4-1.png 852w, https:\/\/additioapp.com\/wp-content\/uploads\/2022\/12\/idea-2_4-1-300x147.png 300w, https:\/\/additioapp.com\/wp-content\/uploads\/2022\/12\/idea-2_4-1-768x376.png 768w\" sizes=\"auto, (max-width: 852px) 100vw, 852px\" \/><\/figure><\/li><\/ul><a class=\"wp-block-jetpack-slideshow_button-prev swiper-button-prev swiper-button-white\" role=\"button\"><\/a><a class=\"wp-block-jetpack-slideshow_button-next swiper-button-next swiper-button-white\" role=\"button\"><\/a><a aria-label=\"Pause Slideshow\" class=\"wp-block-jetpack-slideshow_button-pause\" role=\"button\"><\/a><div class=\"wp-block-jetpack-slideshow_pagination swiper-pagination swiper-pagination-white\"><\/div><\/div><\/div>\n\n\n\n<div style=\"height:30px\" aria-hidden=\"true\" class=\"wp-block-spacer\"><\/div>\n\n\n\n<h2 class=\"wp-block-heading\">3. Pels m\u00e9s petits: celebrem el Nadal a classe fent les nostres pr\u00f2pies decoracions<\/h2>\n\n\n\n<p>Pot ser que pensis: decorar la classe? Si aix\u00f2 ho fem cada any! I encara que aix\u00f2 \u00e9s cert, aqu\u00ed portem una idea diferent per a decorar l&#8217;aula de cara a Nadal.<\/p>\n\n\n\n<p>En aquest cas, t&#8217;animem a <strong>crear el vostre propi arbre nadalenc dels desitjos<\/strong>. De qu\u00e8 es tracta aix\u00f2? Doncs molt f\u00e0cil: cada nen o nena rebr\u00e0 una petita cartolina rectangular de color verd o marr\u00f3. Aqu\u00ed hauran d&#8217;escriure cadascun un desig, i els enganxareu a una paret buida de manera que es faci la forma d&#8217;un arbre.<\/p>\n\n\n\n<p>Despr\u00e9s, el teu alumnat podr\u00e0 fer les seves pr\u00f2pies boles, garlandes i estrella de Nadal, per a poder decorar aquest arbre dels desitjos que haureu creat.<\/p>\n\n\n\n<figure class=\"wp-block-image size-large\"><img loading=\"lazy\" decoding=\"async\" width=\"1024\" height=\"572\" src=\"https:\/\/additioapp.com\/wp-content\/uploads\/2022\/12\/idea-3-1024x572.png\" alt=\"\" class=\"wp-image-22990\" srcset=\"https:\/\/additioapp.com\/wp-content\/uploads\/2022\/12\/idea-3-1024x572.png 1024w, https:\/\/additioapp.com\/wp-content\/uploads\/2022\/12\/idea-3-300x168.png 300w, https:\/\/additioapp.com\/wp-content\/uploads\/2022\/12\/idea-3-768x429.png 768w, https:\/\/additioapp.com\/wp-content\/uploads\/2022\/12\/idea-3.png 1120w\" sizes=\"auto, (max-width: 1024px) 100vw, 1024px\" \/><\/figure>\n\n\n\n<div style=\"height:71px\" aria-hidden=\"true\" class=\"wp-block-spacer\"><\/div>\n\n\n\n<h2 class=\"wp-block-heading\">4. Pels m\u00e9s grans: escape room de Nadal<\/h2>\n\n\n\n<p>Si hi ha alguna cosa que avui dia gaudeix de molt d&#8217;\u00e8xit, \u00e9s sens dubte els escape room. Es tracta d&#8217;escapar d&#8217;una habitaci\u00f3, resolent pistes i enigmes. Encara que el seu origen \u00e9s en format f\u00edsic, cada vegada m\u00e9s es veuen formats virtuals igual d&#8217;interessants.<\/p>\n\n\n\n<p>Donat l&#8217;\u00e8xit que tenen els escape room entre els joves, et convidem a <strong>provar aquest format per a captar i mantenir l&#8217;atenci\u00f3 dels teus estudiants.<\/strong> Si per exemple tens inter\u00e8s a repassar conceptes de f\u00f3rmules matem\u00e0tiques, <strong>pots plantejar al teu alumnat un escape room per a salvar el Nadal.<\/strong> Per cada exercici resolt, \u00e9s un pas m\u00e9s per a alliberar el Pare Noel i que arribi a temps per a repartir els seus regals.<\/p>\n\n\n\n<p>O imagina&#8217;t que vols donar un rep\u00e0s a conceptes de geografia, pots plantejar diversos exercicis per a anar desbloquejant pa\u00efsos als quals el Pare Noel podr\u00e0 viatjar. Si no ho resolen, els nens i nenes d&#8217;aquest pa\u00eds es queden sense regals!&nbsp;<\/p>\n\n\n\n<p>Sens dubte, \u00e9s una forma amena de repassar conceptes, lligant-los amb el Nadal i fent que els teus alumnes prenguin un paper crucial per a resoldre l\u2019escape room.<\/p>\n\n\n\n<figure class=\"wp-block-image size-large\"><img loading=\"lazy\" decoding=\"async\" width=\"1024\" height=\"572\" src=\"https:\/\/additioapp.com\/wp-content\/uploads\/2022\/12\/idea-4-1-1024x572.jpg\" alt=\"\" class=\"wp-image-22998\" srcset=\"https:\/\/additioapp.com\/wp-content\/uploads\/2022\/12\/idea-4-1-1024x572.jpg 1024w, https:\/\/additioapp.com\/wp-content\/uploads\/2022\/12\/idea-4-1-300x168.jpg 300w, https:\/\/additioapp.com\/wp-content\/uploads\/2022\/12\/idea-4-1-768x429.jpg 768w, https:\/\/additioapp.com\/wp-content\/uploads\/2022\/12\/idea-4-1.jpg 1119w\" sizes=\"auto, (max-width: 1024px) 100vw, 1024px\" \/><figcaption class=\"wp-element-caption\">Imatge feta per Antoni Shkraba per a Pexels<\/figcaption><\/figure>\n\n\n\n<div style=\"height:70px\" aria-hidden=\"true\" class=\"wp-block-spacer\"><\/div>\n\n\n\n<h2 class=\"wp-block-heading\">5. Per a potenciar l\u2019angl\u00e8s a classe: juguem al Taboo<\/h2>\n\n\n\n<p>Hi ha tantes activitats nadalenques per a classe d&#8217;angl\u00e8s com et vulguis imaginar, des d&#8217;escriure cartes al Pare Noel fins a cantar nadales. <strong>La nostra proposta per a practicar l&#8217;angl\u00e8s en classe \u00e9s que reptis als teus alumnes a jugar al Taboo. <\/strong>Aquest joc tracta que, en equips, els estudiants hauran de descriure una paraula en angl\u00e8s relacionada amb el Nadal, sense dir aquesta paraula o les altres paraules prohibides (\u00e9s a dir, les paraules tab\u00fa).<\/p>\n\n\n\n<p>Amb aquest joc, podran refrescar algunes paraules nadalenques que potser no fan servir tan sovint, i aprendran conceptes relacionats per a descriure-les.<\/p>\n\n\n\n<p>Si et falten idees de paraules en angl\u00e8s relacionades amb el Nadal, aqu\u00ed en van algunes:<\/p>\n\n\n\n<ul class=\"wp-block-list\">\n<li>Reindeer<\/li>\n\n\n\n<li>Christmas carol<\/li>\n\n\n\n<li>Snowman<\/li>\n\n\n\n<li>Santa Claus<\/li>\n\n\n\n<li>Christmas tree<\/li>\n\n\n\n<li>Presents\/gifts<\/li>\n\n\n\n<li>Mistletoe<\/li>\n\n\n\n<li>Socks<\/li>\n\n\n\n<li>Sleigh<\/li>\n\n\n\n<li>Candy Cane<\/li>\n\n\n\n<li>Cookie<\/li>\n\n\n\n<li>Angel<\/li>\n\n\n\n<li>Ornament<\/li>\n<\/ul>\n\n\n\n<p>Un altre joc que pot ajudar a practicar l&#8217;angl\u00e8s \u00e9s el Pictionary, amb el qual el teu alumnat haur\u00e0 de dibuixar la paraula que correspongui, i els altres hauran d&#8217;endevinar quin \u00e9s. Aix\u00f2 s\u00ed, sempre en angl\u00e8s! \ud83d\ude09 Pots disminuir o incrementar la dificultat de les paraules en funci\u00f3 del nivell d&#8217;angl\u00e8s de l&#8217;aula en concret.<\/p>\n\n\n\n<figure class=\"wp-block-image size-large\"><img loading=\"lazy\" decoding=\"async\" width=\"1024\" height=\"572\" src=\"https:\/\/additioapp.com\/wp-content\/uploads\/2022\/12\/idea-5-1024x572.jpg\" alt=\"\" class=\"wp-image-23002\" srcset=\"https:\/\/additioapp.com\/wp-content\/uploads\/2022\/12\/idea-5-1024x572.jpg 1024w, https:\/\/additioapp.com\/wp-content\/uploads\/2022\/12\/idea-5-300x168.jpg 300w, https:\/\/additioapp.com\/wp-content\/uploads\/2022\/12\/idea-5-768x429.jpg 768w, https:\/\/additioapp.com\/wp-content\/uploads\/2022\/12\/idea-5.jpg 1120w\" sizes=\"auto, (max-width: 1024px) 100vw, 1024px\" \/><figcaption class=\"wp-element-caption\">Imatge feta per Keira Burton per a Pexels<br><\/figcaption><\/figure>\n\n\n\n<div style=\"height:70px\" aria-hidden=\"true\" class=\"wp-block-spacer\"><\/div>\n\n\n\n<h3 class=\"wp-block-heading\"><strong><strong>Quines altres activitats de Nadal originals per a classe se t\u2019acudeixen?<\/strong><\/strong><\/h3>\n\n\n\n<p>Segur que aquesta llista de 5 activitats nadalenques per a classe podria ampliar-se amb m\u00e9s idees entretingudes, i s\u00f3n totes benvingudes! <strong>Deixa&#8217;ns les teves idees a les nostres xarxes socials perqu\u00e8 entre tots puguem nodrir-nos de noves activitats per a tractar el Nadal a classe.<\/strong><\/p>\n\n\n\n<p>Ja saps, ens trobar\u00e0s a <a href=\"https:\/\/www.facebook.com\/profile.php?id=100063661895488\">Facebook<\/a>, <a href=\"https:\/\/twitter.com\/additioapp\">Twitter<\/a>, <a href=\"https:\/\/www.instagram.com\/additioapp\/\">Instagram <\/a>i <a href=\"https:\/\/www.youtube.com\/additioapp\">Youtube<\/a>. \u00a1Fins aviat!<\/p>\n","protected":false},"excerpt":{"rendered":"<p>Arriba desembre, i amb aix\u00f2 arriben les esperades vacances de Nadal. Any rere any, s\u00f3n molts els docents que busquen realitzar activitats nadalenques en classe per tal d\u2019amenitzar l&#8217;espera de les vacances, per\u00f2 siguem realistes: arriba un punt que se&#8217;ns acaben les idees!&nbsp; Que si pintar un Pare Noel, que si veure una pel\u00b7l\u00edcula d&#8217;aquestes [&hellip;]<\/p>\n","protected":false},"author":7,"featured_media":22947,"comment_status":"closed","ping_status":"closed","sticky":false,"template":"","format":"standard","meta":{"_acf_changed":false,"inline_featured_image":false,"footnotes":""},"categories":[186],"tags":[],"class_list":["post-23019","post","type-post","status-publish","format-standard","has-post-thumbnail","hentry","category-idees"],"acf":[],"yoast_head":"<!-- This site is optimized with the Yoast SEO plugin v26.1.1 - https:\/\/yoast.com\/wordpress\/plugins\/seo\/ -->\n<title>Sense idees pel Nadal a classe? Aqu\u00ed tens 5 activitats nadalenques originals - Additio App<\/title>\n<meta name=\"description\" content=\"Si t&#039;has quedat sense idees per treballar el Nadal a classe, et portem 5 activitats nadalenques originals per fer amb el teu alumnat.\" \/>\n<meta name=\"robots\" content=\"index, follow, max-snippet:-1, max-image-preview:large, max-video-preview:-1\" \/>\n<link rel=\"canonical\" href=\"https:\/\/additioapp.com\/ca\/sense-idees-nadal-classe-5-idees-activitats-nadalenques-originals\/\" \/>\n<meta property=\"og:locale\" content=\"ca_ES\" \/>\n<meta property=\"og:type\" content=\"article\" \/>\n<meta property=\"og:title\" content=\"Sense idees pel Nadal a classe? Aqu\u00ed tens 5 activitats nadalenques originals - Additio App\" \/>\n<meta property=\"og:description\" content=\"Si t&#039;has quedat sense idees per treballar el Nadal a classe, et portem 5 activitats nadalenques originals per fer amb el teu alumnat.\" \/>\n<meta property=\"og:url\" content=\"https:\/\/additioapp.com\/ca\/sense-idees-nadal-classe-5-idees-activitats-nadalenques-originals\/\" \/>\n<meta property=\"og:site_name\" content=\"Additio App\" \/>\n<meta property=\"article:published_time\" content=\"2022-12-07T12:45:14+00:00\" \/>\n<meta property=\"article:modified_time\" content=\"2022-12-07T13:06:38+00:00\" \/>\n<meta property=\"og:image\" content=\"https:\/\/additioapp.com\/wp-content\/uploads\/2022\/12\/FOTO-PORTADA-1.jpg\" \/>\n\t<meta property=\"og:image:width\" content=\"1120\" \/>\n\t<meta property=\"og:image:height\" content=\"626\" \/>\n\t<meta property=\"og:image:type\" content=\"image\/jpeg\" \/>\n<meta name=\"author\" content=\"Ivet Cano\" \/>\n<meta name=\"twitter:card\" content=\"summary_large_image\" \/>\n<meta name=\"twitter:label1\" content=\"Escrit per\" \/>\n\t<meta name=\"twitter:data1\" content=\"Ivet Cano\" \/>\n\t<meta name=\"twitter:label2\" content=\"Temps estimat de lectura\" \/>\n\t<meta name=\"twitter:data2\" content=\"7 minuts\" \/>\n<script type=\"application\/ld+json\" class=\"yoast-schema-graph\">{\"@context\":\"https:\/\/schema.org\",\"@graph\":[{\"@type\":\"Article\",\"@id\":\"https:\/\/additioapp.com\/ca\/sense-idees-nadal-classe-5-idees-activitats-nadalenques-originals\/#article\",\"isPartOf\":{\"@id\":\"https:\/\/additioapp.com\/ca\/sense-idees-nadal-classe-5-idees-activitats-nadalenques-originals\/\"},\"author\":{\"name\":\"Ivet Cano\",\"@id\":\"https:\/\/additioapp.com\/#\/schema\/person\/e2cbf614ee88414e795aff41430f8476\"},\"headline\":\"Sense idees pel Nadal a classe? Aqu\u00ed tens 5 activitats nadalenques originals\",\"datePublished\":\"2022-12-07T12:45:14+00:00\",\"dateModified\":\"2022-12-07T13:06:38+00:00\",\"mainEntityOfPage\":{\"@id\":\"https:\/\/additioapp.com\/ca\/sense-idees-nadal-classe-5-idees-activitats-nadalenques-originals\/\"},\"wordCount\":1196,\"publisher\":{\"@id\":\"https:\/\/additioapp.com\/#organization\"},\"image\":{\"@id\":\"https:\/\/additioapp.com\/ca\/sense-idees-nadal-classe-5-idees-activitats-nadalenques-originals\/#primaryimage\"},\"thumbnailUrl\":\"https:\/\/additioapp.com\/wp-content\/uploads\/2022\/12\/FOTO-PORTADA-1.jpg\",\"articleSection\":[\"Idees\"],\"inLanguage\":\"ca\"},{\"@type\":\"WebPage\",\"@id\":\"https:\/\/additioapp.com\/ca\/sense-idees-nadal-classe-5-idees-activitats-nadalenques-originals\/\",\"url\":\"https:\/\/additioapp.com\/ca\/sense-idees-nadal-classe-5-idees-activitats-nadalenques-originals\/\",\"name\":\"Sense idees pel Nadal a classe? Aqu\u00ed tens 5 activitats nadalenques originals - Additio App\",\"isPartOf\":{\"@id\":\"https:\/\/additioapp.com\/#website\"},\"primaryImageOfPage\":{\"@id\":\"https:\/\/additioapp.com\/ca\/sense-idees-nadal-classe-5-idees-activitats-nadalenques-originals\/#primaryimage\"},\"image\":{\"@id\":\"https:\/\/additioapp.com\/ca\/sense-idees-nadal-classe-5-idees-activitats-nadalenques-originals\/#primaryimage\"},\"thumbnailUrl\":\"https:\/\/additioapp.com\/wp-content\/uploads\/2022\/12\/FOTO-PORTADA-1.jpg\",\"datePublished\":\"2022-12-07T12:45:14+00:00\",\"dateModified\":\"2022-12-07T13:06:38+00:00\",\"description\":\"Si t'has quedat sense idees per treballar el Nadal a classe, et portem 5 activitats nadalenques originals per fer amb el teu alumnat.\",\"breadcrumb\":{\"@id\":\"https:\/\/additioapp.com\/ca\/sense-idees-nadal-classe-5-idees-activitats-nadalenques-originals\/#breadcrumb\"},\"inLanguage\":\"ca\",\"potentialAction\":[{\"@type\":\"ReadAction\",\"target\":[\"https:\/\/additioapp.com\/ca\/sense-idees-nadal-classe-5-idees-activitats-nadalenques-originals\/\"]}]},{\"@type\":\"ImageObject\",\"inLanguage\":\"ca\",\"@id\":\"https:\/\/additioapp.com\/ca\/sense-idees-nadal-classe-5-idees-activitats-nadalenques-originals\/#primaryimage\",\"url\":\"https:\/\/additioapp.com\/wp-content\/uploads\/2022\/12\/FOTO-PORTADA-1.jpg\",\"contentUrl\":\"https:\/\/additioapp.com\/wp-content\/uploads\/2022\/12\/FOTO-PORTADA-1.jpg\",\"width\":1120,\"height\":626},{\"@type\":\"BreadcrumbList\",\"@id\":\"https:\/\/additioapp.com\/ca\/sense-idees-nadal-classe-5-idees-activitats-nadalenques-originals\/#breadcrumb\",\"itemListElement\":[{\"@type\":\"ListItem\",\"position\":1,\"name\":\"Portada\",\"item\":\"https:\/\/additioapp.com\/ca\/\"},{\"@type\":\"ListItem\",\"position\":2,\"name\":\"Sense idees pel Nadal a classe? Aqu\u00ed tens 5 activitats nadalenques originals\"}]},{\"@type\":\"WebSite\",\"@id\":\"https:\/\/additioapp.com\/#website\",\"url\":\"https:\/\/additioapp.com\/\",\"name\":\"Additio App\",\"description\":\"Plataforma de gesti\u00f3 escolar de nova generaci\u00f3\",\"publisher\":{\"@id\":\"https:\/\/additioapp.com\/#organization\"},\"potentialAction\":[{\"@type\":\"SearchAction\",\"target\":{\"@type\":\"EntryPoint\",\"urlTemplate\":\"https:\/\/additioapp.com\/?s={search_term_string}\"},\"query-input\":{\"@type\":\"PropertyValueSpecification\",\"valueRequired\":true,\"valueName\":\"search_term_string\"}}],\"inLanguage\":\"ca\"},{\"@type\":\"Organization\",\"@id\":\"https:\/\/additioapp.com\/#organization\",\"name\":\"Additio App\",\"url\":\"https:\/\/additioapp.com\/\",\"logo\":{\"@type\":\"ImageObject\",\"inLanguage\":\"ca\",\"@id\":\"https:\/\/additioapp.com\/#\/schema\/logo\/image\/\",\"url\":\"https:\/\/additioapp.com\/wp-content\/uploads\/2026\/03\/logo-web-by-seven.svg\",\"contentUrl\":\"https:\/\/additioapp.com\/wp-content\/uploads\/2026\/03\/logo-web-by-seven.svg\",\"caption\":\"Additio App\"},\"image\":{\"@id\":\"https:\/\/additioapp.com\/#\/schema\/logo\/image\/\"}},{\"@type\":\"Person\",\"@id\":\"https:\/\/additioapp.com\/#\/schema\/person\/e2cbf614ee88414e795aff41430f8476\",\"name\":\"Ivet Cano\",\"image\":{\"@type\":\"ImageObject\",\"inLanguage\":\"ca\",\"@id\":\"https:\/\/additioapp.com\/#\/schema\/person\/image\/\",\"url\":\"https:\/\/secure.gravatar.com\/avatar\/ed6ed3419bb06c8fd8e1c15011570cc9ccb473dabb3a00ef1ff4a81ed68369d9?s=96&d=mm&r=g\",\"contentUrl\":\"https:\/\/secure.gravatar.com\/avatar\/ed6ed3419bb06c8fd8e1c15011570cc9ccb473dabb3a00ef1ff4a81ed68369d9?s=96&d=mm&r=g\",\"caption\":\"Ivet Cano\"}}]}<\/script>\n<!-- \/ Yoast SEO plugin. -->","yoast_head_json":{"title":"Sense idees pel Nadal a classe? Aqu\u00ed tens 5 activitats nadalenques originals - Additio App","description":"Si t'has quedat sense idees per treballar el Nadal a classe, et portem 5 activitats nadalenques originals per fer amb el teu alumnat.","robots":{"index":"index","follow":"follow","max-snippet":"max-snippet:-1","max-image-preview":"max-image-preview:large","max-video-preview":"max-video-preview:-1"},"canonical":"https:\/\/additioapp.com\/ca\/sense-idees-nadal-classe-5-idees-activitats-nadalenques-originals\/","og_locale":"ca_ES","og_type":"article","og_title":"Sense idees pel Nadal a classe? Aqu\u00ed tens 5 activitats nadalenques originals - Additio App","og_description":"Si t'has quedat sense idees per treballar el Nadal a classe, et portem 5 activitats nadalenques originals per fer amb el teu alumnat.","og_url":"https:\/\/additioapp.com\/ca\/sense-idees-nadal-classe-5-idees-activitats-nadalenques-originals\/","og_site_name":"Additio App","article_published_time":"2022-12-07T12:45:14+00:00","article_modified_time":"2022-12-07T13:06:38+00:00","og_image":[{"width":1120,"height":626,"url":"https:\/\/additioapp.com\/wp-content\/uploads\/2022\/12\/FOTO-PORTADA-1.jpg","type":"image\/jpeg"}],"author":"Ivet Cano","twitter_card":"summary_large_image","twitter_misc":{"Escrit per":"Ivet Cano","Temps estimat de lectura":"7 minuts"},"schema":{"@context":"https:\/\/schema.org","@graph":[{"@type":"Article","@id":"https:\/\/additioapp.com\/ca\/sense-idees-nadal-classe-5-idees-activitats-nadalenques-originals\/#article","isPartOf":{"@id":"https:\/\/additioapp.com\/ca\/sense-idees-nadal-classe-5-idees-activitats-nadalenques-originals\/"},"author":{"name":"Ivet Cano","@id":"https:\/\/additioapp.com\/#\/schema\/person\/e2cbf614ee88414e795aff41430f8476"},"headline":"Sense idees pel Nadal a classe? Aqu\u00ed tens 5 activitats nadalenques originals","datePublished":"2022-12-07T12:45:14+00:00","dateModified":"2022-12-07T13:06:38+00:00","mainEntityOfPage":{"@id":"https:\/\/additioapp.com\/ca\/sense-idees-nadal-classe-5-idees-activitats-nadalenques-originals\/"},"wordCount":1196,"publisher":{"@id":"https:\/\/additioapp.com\/#organization"},"image":{"@id":"https:\/\/additioapp.com\/ca\/sense-idees-nadal-classe-5-idees-activitats-nadalenques-originals\/#primaryimage"},"thumbnailUrl":"https:\/\/additioapp.com\/wp-content\/uploads\/2022\/12\/FOTO-PORTADA-1.jpg","articleSection":["Idees"],"inLanguage":"ca"},{"@type":"WebPage","@id":"https:\/\/additioapp.com\/ca\/sense-idees-nadal-classe-5-idees-activitats-nadalenques-originals\/","url":"https:\/\/additioapp.com\/ca\/sense-idees-nadal-classe-5-idees-activitats-nadalenques-originals\/","name":"Sense idees pel Nadal a classe? Aqu\u00ed tens 5 activitats nadalenques originals - Additio App","isPartOf":{"@id":"https:\/\/additioapp.com\/#website"},"primaryImageOfPage":{"@id":"https:\/\/additioapp.com\/ca\/sense-idees-nadal-classe-5-idees-activitats-nadalenques-originals\/#primaryimage"},"image":{"@id":"https:\/\/additioapp.com\/ca\/sense-idees-nadal-classe-5-idees-activitats-nadalenques-originals\/#primaryimage"},"thumbnailUrl":"https:\/\/additioapp.com\/wp-content\/uploads\/2022\/12\/FOTO-PORTADA-1.jpg","datePublished":"2022-12-07T12:45:14+00:00","dateModified":"2022-12-07T13:06:38+00:00","description":"Si t'has quedat sense idees per treballar el Nadal a classe, et portem 5 activitats nadalenques originals per fer amb el teu alumnat.","breadcrumb":{"@id":"https:\/\/additioapp.com\/ca\/sense-idees-nadal-classe-5-idees-activitats-nadalenques-originals\/#breadcrumb"},"inLanguage":"ca","potentialAction":[{"@type":"ReadAction","target":["https:\/\/additioapp.com\/ca\/sense-idees-nadal-classe-5-idees-activitats-nadalenques-originals\/"]}]},{"@type":"ImageObject","inLanguage":"ca","@id":"https:\/\/additioapp.com\/ca\/sense-idees-nadal-classe-5-idees-activitats-nadalenques-originals\/#primaryimage","url":"https:\/\/additioapp.com\/wp-content\/uploads\/2022\/12\/FOTO-PORTADA-1.jpg","contentUrl":"https:\/\/additioapp.com\/wp-content\/uploads\/2022\/12\/FOTO-PORTADA-1.jpg","width":1120,"height":626},{"@type":"BreadcrumbList","@id":"https:\/\/additioapp.com\/ca\/sense-idees-nadal-classe-5-idees-activitats-nadalenques-originals\/#breadcrumb","itemListElement":[{"@type":"ListItem","position":1,"name":"Portada","item":"https:\/\/additioapp.com\/ca\/"},{"@type":"ListItem","position":2,"name":"Sense idees pel Nadal a classe? Aqu\u00ed tens 5 activitats nadalenques originals"}]},{"@type":"WebSite","@id":"https:\/\/additioapp.com\/#website","url":"https:\/\/additioapp.com\/","name":"Additio App","description":"Plataforma de gesti\u00f3 escolar de nova generaci\u00f3","publisher":{"@id":"https:\/\/additioapp.com\/#organization"},"potentialAction":[{"@type":"SearchAction","target":{"@type":"EntryPoint","urlTemplate":"https:\/\/additioapp.com\/?s={search_term_string}"},"query-input":{"@type":"PropertyValueSpecification","valueRequired":true,"valueName":"search_term_string"}}],"inLanguage":"ca"},{"@type":"Organization","@id":"https:\/\/additioapp.com\/#organization","name":"Additio App","url":"https:\/\/additioapp.com\/","logo":{"@type":"ImageObject","inLanguage":"ca","@id":"https:\/\/additioapp.com\/#\/schema\/logo\/image\/","url":"https:\/\/additioapp.com\/wp-content\/uploads\/2026\/03\/logo-web-by-seven.svg","contentUrl":"https:\/\/additioapp.com\/wp-content\/uploads\/2026\/03\/logo-web-by-seven.svg","caption":"Additio App"},"image":{"@id":"https:\/\/additioapp.com\/#\/schema\/logo\/image\/"}},{"@type":"Person","@id":"https:\/\/additioapp.com\/#\/schema\/person\/e2cbf614ee88414e795aff41430f8476","name":"Ivet Cano","image":{"@type":"ImageObject","inLanguage":"ca","@id":"https:\/\/additioapp.com\/#\/schema\/person\/image\/","url":"https:\/\/secure.gravatar.com\/avatar\/ed6ed3419bb06c8fd8e1c15011570cc9ccb473dabb3a00ef1ff4a81ed68369d9?s=96&d=mm&r=g","contentUrl":"https:\/\/secure.gravatar.com\/avatar\/ed6ed3419bb06c8fd8e1c15011570cc9ccb473dabb3a00ef1ff4a81ed68369d9?s=96&d=mm&r=g","caption":"Ivet Cano"}}]}},"_links":{"self":[{"href":"https:\/\/additioapp.com\/ca\/wp-json\/wp\/v2\/posts\/23019","targetHints":{"allow":["GET"]}}],"collection":[{"href":"https:\/\/additioapp.com\/ca\/wp-json\/wp\/v2\/posts"}],"about":[{"href":"https:\/\/additioapp.com\/ca\/wp-json\/wp\/v2\/types\/post"}],"author":[{"embeddable":true,"href":"https:\/\/additioapp.com\/ca\/wp-json\/wp\/v2\/users\/7"}],"replies":[{"embeddable":true,"href":"https:\/\/additioapp.com\/ca\/wp-json\/wp\/v2\/comments?post=23019"}],"version-history":[{"count":3,"href":"https:\/\/additioapp.com\/ca\/wp-json\/wp\/v2\/posts\/23019\/revisions"}],"predecessor-version":[{"id":23025,"href":"https:\/\/additioapp.com\/ca\/wp-json\/wp\/v2\/posts\/23019\/revisions\/23025"}],"wp:featuredmedia":[{"embeddable":true,"href":"https:\/\/additioapp.com\/ca\/wp-json\/wp\/v2\/media\/22947"}],"wp:attachment":[{"href":"https:\/\/additioapp.com\/ca\/wp-json\/wp\/v2\/media?parent=23019"}],"wp:term":[{"taxonomy":"category","embeddable":true,"href":"https:\/\/additioapp.com\/ca\/wp-json\/wp\/v2\/categories?post=23019"},{"taxonomy":"post_tag","embeddable":true,"href":"https:\/\/additioapp.com\/ca\/wp-json\/wp\/v2\/tags?post=23019"}],"curies":[{"name":"wp","href":"https:\/\/api.w.org\/{rel}","templated":true}]}}