{"id":17125,"date":"2022-03-04T09:41:02","date_gmt":"2022-03-04T09:41:02","guid":{"rendered":"https:\/\/additioapp.com\/hoy-hablamos-con-mario-balboa\/"},"modified":"2022-08-02T08:23:59","modified_gmt":"2022-08-02T08:23:59","slug":"avui-parlem-amb-mario-balboa","status":"publish","type":"post","link":"https:\/\/additioapp.com\/ca\/avui-parlem-amb-mario-balboa\/","title":{"rendered":"Avui parlem amb\u2026 Mario Balboa"},"content":{"rendered":"<p>En Mario \u00e9s professor de Prim\u00e0ria a la prov\u00edncia de Lle\u00f3. Durant la seva curta traject\u00f2ria com a professor, les seves ganes de treballar, millorar i sobretot aprendre dia a dia l&#8217;han portat a obtenir una \u00e0mplia experi\u00e8ncia tant com a professor com a formador, sent tutor de diverses de les formacions que s&#8217;imparteixen per part de la Junta de Castella i Lle\u00f3.<\/p>\n<p>&nbsp;<\/p>\n<p><img loading=\"lazy\" decoding=\"async\" class=\"aligncenter wp-image-17106 size-medium\" src=\"https:\/\/additioapp.com\/wp-content\/uploads\/2022\/03\/foto-mario-298x300.jpg\" alt=\"\" width=\"298\" height=\"300\" srcset=\"https:\/\/additioapp.com\/wp-content\/uploads\/2022\/03\/foto-mario-298x300.jpg 298w, https:\/\/additioapp.com\/wp-content\/uploads\/2022\/03\/foto-mario-150x150.jpg 150w, https:\/\/additioapp.com\/wp-content\/uploads\/2022\/03\/foto-mario-768x774.jpg 768w, https:\/\/additioapp.com\/wp-content\/uploads\/2022\/03\/foto-mario.jpg 949w\" sizes=\"auto, (max-width: 298px) 100vw, 298px\" \/><\/p>\n<p>&nbsp;<\/p>\n<p><strong>Parla&#8217;ns una mica m\u00e9s sobre tu. A qu\u00e8 et dediques actualment? Quan fa que et dediques a la doc\u00e8ncia?<\/strong><br \/>\nAra mateix estic en un CEO d&#8217;un poble de la prov\u00edncia de Lle\u00f3, Benavides de \u00d3rbigo, exercint de mestre i tutor d&#8217;un grup de nens i nenes de primer d&#8217;educaci\u00f3 prim\u00e0ria. I com sempre estic ficat en mil coses alhora, tamb\u00e9 estic com a tutor online per al Centre de Recursos i Formaci\u00f3 del Professorat per les TIC per a la Junta de Castella i Lle\u00f3.<br \/>\nTot aquest cam\u00ed va comen\u00e7ar fa 6 anys, al gener de 2016. Pot semblar poc, fins i tot si ho comparo amb altres feines en qu\u00e8 he estat exactament el doble d&#8217;anys, per\u00f2 he de dir, que aquests 6 m&#8217;han escampat molt m\u00e9s del que que un calendari pot mostrar.<\/p>\n<p>&nbsp;<\/p>\n<p><strong>Qu\u00e8 et va fer decidir pel m\u00f3n de la doc\u00e8ncia? Qu\u00e8 \u00e9s el que m\u00e9s t&#8217;agrada de la teva feina?<\/strong><br \/>\nDoncs crec que ho vaig decidir durant el Batxillerat, perqu\u00e8 encara que no era dels que treien tot excel\u00b7lent, normalment altres companys i companyes em demanaven que els don\u00e9s un cop de m\u00e0 en els seus estudis perqu\u00e8 deien que els hi explicava d&#8217;una manera diferent que feia que els ho aprenguessin.<br \/>\nPer\u00f2 vaig observar que cadasc\u00fa apr\u00e8n d&#8217;una manera, i no val el mateix per a tots. Jo crec que per aix\u00f2 el que m\u00e9s m&#8217;agrada \u00e9s indagar en la forma que cada nen i cada nena t\u00e9 d&#8217;aprendre i intentar donar-li les eines necess\u00e0ries perqu\u00e8 progressi segons les seves necessitats i fortaleses.<\/p>\n<p>&nbsp;<\/p>\n<p><strong>Veiem que treballes amb eines TIC a les teves classes, qu\u00e8 \u00e9s el que m\u00e9s t&#8217;agrada? Com vas descobrir Additio?<\/strong><br \/>\nPer descomptat que el que m&#8217;agrada m\u00e9s \u00e9s la versatilitat. Sempre hi ha alguna cosa, alguna eina per treballar, alguna forma de presentar el contingut, que fa que aquell o aquella que de primeres no ha aconseguit captar una idea, al final sigui capa\u00e7 de captar all\u00f2 que se li presenta, i poder seguir endavant.<br \/>\nPel que fa a Additio, doncs la veritat \u00e9s que m&#8217;ha acompanyat des del principi. El primer curs en qu\u00e8 vaig impartir classe, em van donar al centre un quadern de notes Additio per apuntar tot all\u00f2 ressenyable, i posar les notes de cara a l&#8217;avaluaci\u00f3. En acabar aquest curs, una de les mestres i companyes, va fer el salt a la plataforma digitial d&#8217;Aditio, i tot seguit vaig seguir els seus passos. Fins a dia d&#8217;avui.<\/p>\n<p>&nbsp;<\/p>\n<p><img loading=\"lazy\" decoding=\"async\" class=\"aligncenter size-large wp-image-17111\" src=\"https:\/\/additioapp.com\/wp-content\/uploads\/2022\/03\/Aula-1024x768.jpg\" alt=\"\" width=\"640\" height=\"480\" srcset=\"https:\/\/additioapp.com\/wp-content\/uploads\/2022\/03\/Aula-1024x768.jpg 1024w, https:\/\/additioapp.com\/wp-content\/uploads\/2022\/03\/Aula-300x225.jpg 300w, https:\/\/additioapp.com\/wp-content\/uploads\/2022\/03\/Aula-768x576.jpg 768w, https:\/\/additioapp.com\/wp-content\/uploads\/2022\/03\/Aula.jpg 1280w\" sizes=\"auto, (max-width: 640px) 100vw, 640px\" \/><\/p>\n<p>&nbsp;<\/p>\n<p><strong>Com sols organitzar les teves classes dia a dia? Qu\u00e8 sols tenir sempre en compte a l&#8217;hora de planificar les classes?<\/strong><br \/>\nTinc la costum de tenir programades les classes, continguts i recursos dins Additio, per saber en tot moment per on vaig dins de cada Unitat. Per\u00f2 \u00e9s cert que moltes vegades cal tenir en compte l&#8217;estat an\u00edmic de l&#8217;alumnat, el nostre propi com a docents, i per descomptat, no fustigar-nos per no fer tot all\u00f2 que hav\u00edem plantejat o no arribar a la primera a les metes i objectius que ens hav\u00edem marcat. Tenir una seq\u00fcenciaci\u00f3 ja feta, \u00e9s primordial per seguir una correlaci\u00f3 l\u00f2gica entre el temps que hi ha per a cada mat\u00e8ria, i el contingut que cal impartir. Per\u00f2 la flexibilitat ha de ser part d&#8217;aquesta equaci\u00f3, i emmotllar-nos a les necessitats, ritmes i sentiments que cada grup pot tenir a cada moment.<\/p>\n<p>&nbsp;<\/p>\n<p><strong>Quina \u00e9s la funcionalitat que m\u00e9s t&#8217;agrada d&#8217;Additio, sense la que no podries viure? i per qu\u00e8?<\/strong><br \/>\nCom ja he dit abans, per mi tenir totes les \u00e0rees programades i seq\u00fcenciades, veient cada dia el que he de fer, els recursos que far\u00e9 servir, \u00e9s una guia molt important. Per\u00f2 si m&#8217;he de quedar amb alguna cosa, amb una funcionalitat que \u00e9s realment essencial, aquesta \u00e9s la de l&#8217;avaluaci\u00f3.<br \/>\nEl perqu\u00e8 \u00e9s senzill. La facilitat de ficar una simple nota num\u00e8rica, i que sobre aquesta nota, passin un munt de coses \u00e9s espectacular. Amb aquesta nota, puc obtenir una nota sobre un o diversos est\u00e0ndards d&#8217;aprenentatge, que alhora els puc tenir lligats a les compet\u00e8ncies que es treballen, i aix\u00ed obtenir un percentatge i una nota final sobre totes dues. D&#8217;aquesta manera, i de manera objectiva, es pot saber el nivell competencial de l&#8217;alumnat alhora que tenim una nota num\u00e8rica sobre el nivell d&#8217;adquisici\u00f3 de continguts. A m\u00e9s, la quantitat de percentatges, observacions i estad\u00edstiques que es generen per a cada alumne i alumna, \u00e9s infinit. I tot aix\u00f2, nom\u00e9s ficant una nota num\u00e8rica.<\/p>\n<p>&nbsp;<\/p>\n<p><img loading=\"lazy\" decoding=\"async\" class=\"aligncenter size-full wp-image-17115\" src=\"https:\/\/additioapp.com\/wp-content\/uploads\/2022\/03\/222-1.png\" alt=\"\" width=\"841\" height=\"478\" srcset=\"https:\/\/additioapp.com\/wp-content\/uploads\/2022\/03\/222-1.png 841w, https:\/\/additioapp.com\/wp-content\/uploads\/2022\/03\/222-1-300x171.png 300w, https:\/\/additioapp.com\/wp-content\/uploads\/2022\/03\/222-1-768x437.png 768w\" sizes=\"auto, (max-width: 841px) 100vw, 841px\" \/><\/p>\n<p>&nbsp;<\/p>\n<p><strong>Si poguessis donar un consell a un professor que ara comen\u00e7a a treballar a l&#8217;aula, qu\u00e8 li diries?<\/strong><br \/>\nQue vagi a poc a poc, que no vulgui cremar etapes i recursos r\u00e0pidament. Que es pari a observar a tots i cadascun dels seus alumnes, perqu\u00e8 la diversitat no \u00e9s nom\u00e9s aquells que tenen un diagn\u00f2stic o una etiqueta, la diversitat \u00e9s la gran quantitat de maneres de ser i pensar que conformen cada grup. I \u00e9s essencial atendre les necessitats de tots i cadascun per aconseguir la millor resposta de forma individual, i enfortir la seva integritat i valors com a grup.<\/p>\n<p>&nbsp;<\/p>\n<p><strong>Durant aquesta \u00e8poca de pand\u00e8mia, qu\u00e8 \u00e9s el que est\u00e0 dificultant m\u00e9s que l&#8217;alumnat pugui aprendre?<\/strong><br \/>\nFa molt, diria que el contacte f\u00edsic amb l&#8217;alumnat. El que es pot transmetre amb un simple copet, i sobretot el que es pot aconseguir amb una abra\u00e7ada a temps, \u00e9s insubstitu\u00efble. Per\u00f2 a poc a poc aquesta barrera s&#8217;ha anat saltant i esquivant com hem pogut, i avui dia aquesta limitaci\u00f3 a les meves classes no existeix. Per\u00f2 la mascareta continua sent present, i tota la gestualitat facial, part de la potencialitat de la veu, els matisos de l&#8217;expressi\u00f3 oral estan quedant pel cam\u00ed, i amb aix\u00f2 una gran quantitat d&#8217;informaci\u00f3 visual i auditiva que l&#8217;alumnat no est\u00e0 captant i s&#8217;est\u00e0 perdent.<br \/>\nEsperem que el final d&#8217;aquesta tempesta estigui a prop i puguem tornar a la normalitat com m\u00e9s aviat millor pel b\u00e9 de la societat en general, i de les generacions que estem formant en particular.<\/p>\n<p>&nbsp;<\/p>\n<p><img loading=\"lazy\" decoding=\"async\" class=\"aligncenter size-large wp-image-17119\" src=\"https:\/\/additioapp.com\/wp-content\/uploads\/2022\/03\/ttsvijxk1ox5aed8xrhp-1024x576.jpg\" alt=\"\" width=\"640\" height=\"360\" srcset=\"https:\/\/additioapp.com\/wp-content\/uploads\/2022\/03\/ttsvijxk1ox5aed8xrhp-1024x576.jpg 1024w, https:\/\/additioapp.com\/wp-content\/uploads\/2022\/03\/ttsvijxk1ox5aed8xrhp-300x169.jpg 300w, https:\/\/additioapp.com\/wp-content\/uploads\/2022\/03\/ttsvijxk1ox5aed8xrhp-768x432.jpg 768w, https:\/\/additioapp.com\/wp-content\/uploads\/2022\/03\/ttsvijxk1ox5aed8xrhp.jpg 1280w\" sizes=\"auto, (max-width: 640px) 100vw, 640px\" \/><\/p>\n","protected":false},"excerpt":{"rendered":"<p>En Mario \u00e9s professor de Prim\u00e0ria a la prov\u00edncia de Lle\u00f3. Durant la seva curta traject\u00f2ria com a professor, les seves ganes de treballar, millorar i sobretot aprendre dia a dia l&#8217;han portat a obtenir una \u00e0mplia experi\u00e8ncia tant com a professor com a formador, sent tutor de diverses de les formacions que s&#8217;imparteixen per [&hellip;]<\/p>\n","protected":false},"author":2,"featured_media":665,"comment_status":"open","ping_status":"open","sticky":false,"template":"","format":"standard","meta":{"_acf_changed":false,"inline_featured_image":false,"footnotes":""},"categories":[183],"tags":[],"class_list":["post-17125","post","type-post","status-publish","format-standard","has-post-thumbnail","hentry","category-entrevistes"],"acf":[],"yoast_head":"<!-- This site is optimized with the Yoast SEO plugin v26.1.1 - https:\/\/yoast.com\/wordpress\/plugins\/seo\/ -->\n<title>Avui parlem amb\u2026 Mario Balboa - Additio App<\/title>\n<meta name=\"robots\" content=\"index, follow, max-snippet:-1, max-image-preview:large, max-video-preview:-1\" \/>\n<link rel=\"canonical\" href=\"https:\/\/additioapp.com\/ca\/avui-parlem-amb-mario-balboa\/\" \/>\n<meta property=\"og:locale\" content=\"ca_ES\" \/>\n<meta property=\"og:type\" content=\"article\" \/>\n<meta property=\"og:title\" content=\"Avui parlem amb\u2026 Mario Balboa - Additio App\" \/>\n<meta property=\"og:description\" content=\"En Mario \u00e9s professor de Prim\u00e0ria a la prov\u00edncia de Lle\u00f3. Durant la seva curta traject\u00f2ria com a professor, les seves ganes de treballar, millorar i sobretot aprendre dia a dia l&#8217;han portat a obtenir una \u00e0mplia experi\u00e8ncia tant com a professor com a formador, sent tutor de diverses de les formacions que s&#8217;imparteixen per [&hellip;]\" \/>\n<meta property=\"og:url\" content=\"https:\/\/additioapp.com\/ca\/avui-parlem-amb-mario-balboa\/\" \/>\n<meta property=\"og:site_name\" content=\"Additio App\" \/>\n<meta property=\"article:published_time\" content=\"2022-03-04T09:41:02+00:00\" \/>\n<meta property=\"article:modified_time\" content=\"2022-08-02T08:23:59+00:00\" \/>\n<meta property=\"og:image\" content=\"https:\/\/additioapp.com\/wp-content\/uploads\/2022\/07\/mario-balboa.jpg\" \/>\n\t<meta property=\"og:image:width\" content=\"1120\" \/>\n\t<meta property=\"og:image:height\" content=\"626\" \/>\n\t<meta property=\"og:image:type\" content=\"image\/jpeg\" \/>\n<meta name=\"author\" content=\"Francesc\" \/>\n<meta name=\"twitter:card\" content=\"summary_large_image\" \/>\n<meta name=\"twitter:label1\" content=\"Escrit per\" \/>\n\t<meta name=\"twitter:data1\" content=\"Francesc\" \/>\n\t<meta name=\"twitter:label2\" content=\"Temps estimat de lectura\" \/>\n\t<meta name=\"twitter:data2\" content=\"6 minuts\" \/>\n<script type=\"application\/ld+json\" class=\"yoast-schema-graph\">{\"@context\":\"https:\/\/schema.org\",\"@graph\":[{\"@type\":\"Article\",\"@id\":\"https:\/\/additioapp.com\/ca\/avui-parlem-amb-mario-balboa\/#article\",\"isPartOf\":{\"@id\":\"https:\/\/additioapp.com\/ca\/avui-parlem-amb-mario-balboa\/\"},\"author\":{\"name\":\"Francesc\",\"@id\":\"https:\/\/additioapp.com\/#\/schema\/person\/b98a5d7aca00a402cc1a040e69a0a738\"},\"headline\":\"Avui parlem amb\u2026 Mario Balboa\",\"datePublished\":\"2022-03-04T09:41:02+00:00\",\"dateModified\":\"2022-08-02T08:23:59+00:00\",\"mainEntityOfPage\":{\"@id\":\"https:\/\/additioapp.com\/ca\/avui-parlem-amb-mario-balboa\/\"},\"wordCount\":1160,\"commentCount\":0,\"publisher\":{\"@id\":\"https:\/\/additioapp.com\/#organization\"},\"image\":{\"@id\":\"https:\/\/additioapp.com\/ca\/avui-parlem-amb-mario-balboa\/#primaryimage\"},\"thumbnailUrl\":\"https:\/\/additioapp.com\/wp-content\/uploads\/2022\/07\/mario-balboa.jpg\",\"articleSection\":[\"Entrevistes\"],\"inLanguage\":\"ca\",\"potentialAction\":[{\"@type\":\"CommentAction\",\"name\":\"Comment\",\"target\":[\"https:\/\/additioapp.com\/ca\/avui-parlem-amb-mario-balboa\/#respond\"]}]},{\"@type\":\"WebPage\",\"@id\":\"https:\/\/additioapp.com\/ca\/avui-parlem-amb-mario-balboa\/\",\"url\":\"https:\/\/additioapp.com\/ca\/avui-parlem-amb-mario-balboa\/\",\"name\":\"Avui parlem amb\u2026 Mario Balboa - Additio App\",\"isPartOf\":{\"@id\":\"https:\/\/additioapp.com\/#website\"},\"primaryImageOfPage\":{\"@id\":\"https:\/\/additioapp.com\/ca\/avui-parlem-amb-mario-balboa\/#primaryimage\"},\"image\":{\"@id\":\"https:\/\/additioapp.com\/ca\/avui-parlem-amb-mario-balboa\/#primaryimage\"},\"thumbnailUrl\":\"https:\/\/additioapp.com\/wp-content\/uploads\/2022\/07\/mario-balboa.jpg\",\"datePublished\":\"2022-03-04T09:41:02+00:00\",\"dateModified\":\"2022-08-02T08:23:59+00:00\",\"breadcrumb\":{\"@id\":\"https:\/\/additioapp.com\/ca\/avui-parlem-amb-mario-balboa\/#breadcrumb\"},\"inLanguage\":\"ca\",\"potentialAction\":[{\"@type\":\"ReadAction\",\"target\":[\"https:\/\/additioapp.com\/ca\/avui-parlem-amb-mario-balboa\/\"]}]},{\"@type\":\"ImageObject\",\"inLanguage\":\"ca\",\"@id\":\"https:\/\/additioapp.com\/ca\/avui-parlem-amb-mario-balboa\/#primaryimage\",\"url\":\"https:\/\/additioapp.com\/wp-content\/uploads\/2022\/07\/mario-balboa.jpg\",\"contentUrl\":\"https:\/\/additioapp.com\/wp-content\/uploads\/2022\/07\/mario-balboa.jpg\",\"width\":1120,\"height\":626},{\"@type\":\"BreadcrumbList\",\"@id\":\"https:\/\/additioapp.com\/ca\/avui-parlem-amb-mario-balboa\/#breadcrumb\",\"itemListElement\":[{\"@type\":\"ListItem\",\"position\":1,\"name\":\"Portada\",\"item\":\"https:\/\/additioapp.com\/ca\/\"},{\"@type\":\"ListItem\",\"position\":2,\"name\":\"Avui parlem amb\u2026 Mario Balboa\"}]},{\"@type\":\"WebSite\",\"@id\":\"https:\/\/additioapp.com\/#website\",\"url\":\"https:\/\/additioapp.com\/\",\"name\":\"Additio App\",\"description\":\"Plataforma de gesti\u00f3 escolar de nova generaci\u00f3\",\"publisher\":{\"@id\":\"https:\/\/additioapp.com\/#organization\"},\"potentialAction\":[{\"@type\":\"SearchAction\",\"target\":{\"@type\":\"EntryPoint\",\"urlTemplate\":\"https:\/\/additioapp.com\/?s={search_term_string}\"},\"query-input\":{\"@type\":\"PropertyValueSpecification\",\"valueRequired\":true,\"valueName\":\"search_term_string\"}}],\"inLanguage\":\"ca\"},{\"@type\":\"Organization\",\"@id\":\"https:\/\/additioapp.com\/#organization\",\"name\":\"Additio App\",\"url\":\"https:\/\/additioapp.com\/\",\"logo\":{\"@type\":\"ImageObject\",\"inLanguage\":\"ca\",\"@id\":\"https:\/\/additioapp.com\/#\/schema\/logo\/image\/\",\"url\":\"https:\/\/additioapp.com\/wp-content\/uploads\/2026\/03\/logo-web-by-seven.svg\",\"contentUrl\":\"https:\/\/additioapp.com\/wp-content\/uploads\/2026\/03\/logo-web-by-seven.svg\",\"caption\":\"Additio App\"},\"image\":{\"@id\":\"https:\/\/additioapp.com\/#\/schema\/logo\/image\/\"}},{\"@type\":\"Person\",\"@id\":\"https:\/\/additioapp.com\/#\/schema\/person\/b98a5d7aca00a402cc1a040e69a0a738\",\"name\":\"Francesc\",\"image\":{\"@type\":\"ImageObject\",\"inLanguage\":\"ca\",\"@id\":\"https:\/\/additioapp.com\/#\/schema\/person\/image\/\",\"url\":\"https:\/\/secure.gravatar.com\/avatar\/5e6cf43346f2e6e70f0f88846bd3ca89b547fde8fecf3bf2cda0d03365dcf70a?s=96&d=mm&r=g\",\"contentUrl\":\"https:\/\/secure.gravatar.com\/avatar\/5e6cf43346f2e6e70f0f88846bd3ca89b547fde8fecf3bf2cda0d03365dcf70a?s=96&d=mm&r=g\",\"caption\":\"Francesc\"}}]}<\/script>\n<!-- \/ Yoast SEO plugin. -->","yoast_head_json":{"title":"Avui parlem amb\u2026 Mario Balboa - Additio App","robots":{"index":"index","follow":"follow","max-snippet":"max-snippet:-1","max-image-preview":"max-image-preview:large","max-video-preview":"max-video-preview:-1"},"canonical":"https:\/\/additioapp.com\/ca\/avui-parlem-amb-mario-balboa\/","og_locale":"ca_ES","og_type":"article","og_title":"Avui parlem amb\u2026 Mario Balboa - Additio App","og_description":"En Mario \u00e9s professor de Prim\u00e0ria a la prov\u00edncia de Lle\u00f3. Durant la seva curta traject\u00f2ria com a professor, les seves ganes de treballar, millorar i sobretot aprendre dia a dia l&#8217;han portat a obtenir una \u00e0mplia experi\u00e8ncia tant com a professor com a formador, sent tutor de diverses de les formacions que s&#8217;imparteixen per [&hellip;]","og_url":"https:\/\/additioapp.com\/ca\/avui-parlem-amb-mario-balboa\/","og_site_name":"Additio App","article_published_time":"2022-03-04T09:41:02+00:00","article_modified_time":"2022-08-02T08:23:59+00:00","og_image":[{"width":1120,"height":626,"url":"https:\/\/additioapp.com\/wp-content\/uploads\/2022\/07\/mario-balboa.jpg","type":"image\/jpeg"}],"author":"Francesc","twitter_card":"summary_large_image","twitter_misc":{"Escrit per":"Francesc","Temps estimat de lectura":"6 minuts"},"schema":{"@context":"https:\/\/schema.org","@graph":[{"@type":"Article","@id":"https:\/\/additioapp.com\/ca\/avui-parlem-amb-mario-balboa\/#article","isPartOf":{"@id":"https:\/\/additioapp.com\/ca\/avui-parlem-amb-mario-balboa\/"},"author":{"name":"Francesc","@id":"https:\/\/additioapp.com\/#\/schema\/person\/b98a5d7aca00a402cc1a040e69a0a738"},"headline":"Avui parlem amb\u2026 Mario Balboa","datePublished":"2022-03-04T09:41:02+00:00","dateModified":"2022-08-02T08:23:59+00:00","mainEntityOfPage":{"@id":"https:\/\/additioapp.com\/ca\/avui-parlem-amb-mario-balboa\/"},"wordCount":1160,"commentCount":0,"publisher":{"@id":"https:\/\/additioapp.com\/#organization"},"image":{"@id":"https:\/\/additioapp.com\/ca\/avui-parlem-amb-mario-balboa\/#primaryimage"},"thumbnailUrl":"https:\/\/additioapp.com\/wp-content\/uploads\/2022\/07\/mario-balboa.jpg","articleSection":["Entrevistes"],"inLanguage":"ca","potentialAction":[{"@type":"CommentAction","name":"Comment","target":["https:\/\/additioapp.com\/ca\/avui-parlem-amb-mario-balboa\/#respond"]}]},{"@type":"WebPage","@id":"https:\/\/additioapp.com\/ca\/avui-parlem-amb-mario-balboa\/","url":"https:\/\/additioapp.com\/ca\/avui-parlem-amb-mario-balboa\/","name":"Avui parlem amb\u2026 Mario Balboa - Additio App","isPartOf":{"@id":"https:\/\/additioapp.com\/#website"},"primaryImageOfPage":{"@id":"https:\/\/additioapp.com\/ca\/avui-parlem-amb-mario-balboa\/#primaryimage"},"image":{"@id":"https:\/\/additioapp.com\/ca\/avui-parlem-amb-mario-balboa\/#primaryimage"},"thumbnailUrl":"https:\/\/additioapp.com\/wp-content\/uploads\/2022\/07\/mario-balboa.jpg","datePublished":"2022-03-04T09:41:02+00:00","dateModified":"2022-08-02T08:23:59+00:00","breadcrumb":{"@id":"https:\/\/additioapp.com\/ca\/avui-parlem-amb-mario-balboa\/#breadcrumb"},"inLanguage":"ca","potentialAction":[{"@type":"ReadAction","target":["https:\/\/additioapp.com\/ca\/avui-parlem-amb-mario-balboa\/"]}]},{"@type":"ImageObject","inLanguage":"ca","@id":"https:\/\/additioapp.com\/ca\/avui-parlem-amb-mario-balboa\/#primaryimage","url":"https:\/\/additioapp.com\/wp-content\/uploads\/2022\/07\/mario-balboa.jpg","contentUrl":"https:\/\/additioapp.com\/wp-content\/uploads\/2022\/07\/mario-balboa.jpg","width":1120,"height":626},{"@type":"BreadcrumbList","@id":"https:\/\/additioapp.com\/ca\/avui-parlem-amb-mario-balboa\/#breadcrumb","itemListElement":[{"@type":"ListItem","position":1,"name":"Portada","item":"https:\/\/additioapp.com\/ca\/"},{"@type":"ListItem","position":2,"name":"Avui parlem amb\u2026 Mario Balboa"}]},{"@type":"WebSite","@id":"https:\/\/additioapp.com\/#website","url":"https:\/\/additioapp.com\/","name":"Additio App","description":"Plataforma de gesti\u00f3 escolar de nova generaci\u00f3","publisher":{"@id":"https:\/\/additioapp.com\/#organization"},"potentialAction":[{"@type":"SearchAction","target":{"@type":"EntryPoint","urlTemplate":"https:\/\/additioapp.com\/?s={search_term_string}"},"query-input":{"@type":"PropertyValueSpecification","valueRequired":true,"valueName":"search_term_string"}}],"inLanguage":"ca"},{"@type":"Organization","@id":"https:\/\/additioapp.com\/#organization","name":"Additio App","url":"https:\/\/additioapp.com\/","logo":{"@type":"ImageObject","inLanguage":"ca","@id":"https:\/\/additioapp.com\/#\/schema\/logo\/image\/","url":"https:\/\/additioapp.com\/wp-content\/uploads\/2026\/03\/logo-web-by-seven.svg","contentUrl":"https:\/\/additioapp.com\/wp-content\/uploads\/2026\/03\/logo-web-by-seven.svg","caption":"Additio App"},"image":{"@id":"https:\/\/additioapp.com\/#\/schema\/logo\/image\/"}},{"@type":"Person","@id":"https:\/\/additioapp.com\/#\/schema\/person\/b98a5d7aca00a402cc1a040e69a0a738","name":"Francesc","image":{"@type":"ImageObject","inLanguage":"ca","@id":"https:\/\/additioapp.com\/#\/schema\/person\/image\/","url":"https:\/\/secure.gravatar.com\/avatar\/5e6cf43346f2e6e70f0f88846bd3ca89b547fde8fecf3bf2cda0d03365dcf70a?s=96&d=mm&r=g","contentUrl":"https:\/\/secure.gravatar.com\/avatar\/5e6cf43346f2e6e70f0f88846bd3ca89b547fde8fecf3bf2cda0d03365dcf70a?s=96&d=mm&r=g","caption":"Francesc"}}]}},"_links":{"self":[{"href":"https:\/\/additioapp.com\/ca\/wp-json\/wp\/v2\/posts\/17125","targetHints":{"allow":["GET"]}}],"collection":[{"href":"https:\/\/additioapp.com\/ca\/wp-json\/wp\/v2\/posts"}],"about":[{"href":"https:\/\/additioapp.com\/ca\/wp-json\/wp\/v2\/types\/post"}],"author":[{"embeddable":true,"href":"https:\/\/additioapp.com\/ca\/wp-json\/wp\/v2\/users\/2"}],"replies":[{"embeddable":true,"href":"https:\/\/additioapp.com\/ca\/wp-json\/wp\/v2\/comments?post=17125"}],"version-history":[{"count":2,"href":"https:\/\/additioapp.com\/ca\/wp-json\/wp\/v2\/posts\/17125\/revisions"}],"predecessor-version":[{"id":17127,"href":"https:\/\/additioapp.com\/ca\/wp-json\/wp\/v2\/posts\/17125\/revisions\/17127"}],"wp:featuredmedia":[{"embeddable":true,"href":"https:\/\/additioapp.com\/ca\/wp-json\/wp\/v2\/media\/665"}],"wp:attachment":[{"href":"https:\/\/additioapp.com\/ca\/wp-json\/wp\/v2\/media?parent=17125"}],"wp:term":[{"taxonomy":"category","embeddable":true,"href":"https:\/\/additioapp.com\/ca\/wp-json\/wp\/v2\/categories?post=17125"},{"taxonomy":"post_tag","embeddable":true,"href":"https:\/\/additioapp.com\/ca\/wp-json\/wp\/v2\/tags?post=17125"}],"curies":[{"name":"wp","href":"https:\/\/api.w.org\/{rel}","templated":true}]}}