{"id":17057,"date":"2022-02-14T00:00:00","date_gmt":"2022-02-14T00:00:00","guid":{"rendered":"https:\/\/additioapp.com\/que-es-la-competencia-digital-docente\/"},"modified":"2023-11-27T11:45:28","modified_gmt":"2023-11-27T11:45:28","slug":"que-es-la-competencia-digital-docent","status":"publish","type":"post","link":"https:\/\/additioapp.com\/ca\/que-es-la-competencia-digital-docent\/","title":{"rendered":"Qu\u00e8 \u00e9s la compet\u00e8ncia digital docent?"},"content":{"rendered":"<p>A la societat actual, s&#8217;exigeix \u200b\u200ba les noves generacions un nivell de compet\u00e8ncia digital avan\u00e7at, ja que estan en cont\u00ednua transformaci\u00f3, els h\u00e0bits d&#8217;aprenentatge de l&#8217;alumnat ha canviat, les seves necessitats i les seves circumst\u00e0ncies ja no s\u00f3n les mateixes que fa deu anys, ra\u00f3 per la qual cosa, \u00e9s essencial que des dels centres educatius puguin aprendre com donar una resposta educativa, did\u00e0ctica i segura a les necessitats dels alumnes. Per aconseguir-ho, cal un docent amb una formaci\u00f3 actualitzada i que tingui un grau de compet\u00e8ncia digital per emprendre el proc\u00e9s d&#8217;ensenyament-aprenentatge dels alumnes i per afavorir l&#8217;adquisici\u00f3 de compet\u00e8ncies clau en l&#8217;alumnat.<\/p>\n<p>&nbsp;<\/p>\n<p>Aix\u00ed doncs, definim que la compet\u00e8ncia digital docent \u00e9s tot un conjunt d&#8217;habilitats, compet\u00e8ncies, coneixements i actituds que els docents han de tenir per fer un \u00fas cr\u00edtic, din\u00e0mic i creatiu de les TIC a les seves aules.<\/p>\n<p>&nbsp;<\/p>\n<p><strong>Per qu\u00e8 \u00e9s important la formaci\u00f3 continuada del professorat?<\/strong><br \/>\nLa import\u00e0ncia de la formaci\u00f3 del docent a nivell educatiu digital, tant inicial com continua i \u00e9s imprescindible per a l&#8217;\u00e8xit del sistema educatiu. La innovaci\u00f3 i la investigaci\u00f3 formen part de la funci\u00f3 del docent per afavorir la millora cont\u00ednua dels processos d&#8217;ensenyament en les diferents etapes educatives.<\/p>\n<p>Una formaci\u00f3 \u00fatil del professorat haur\u00e0 de reunir habilitats diferents com promoure la seguretat, l&#8217;autoestima, la creativitat, la capacitat d&#8217;innovaci\u00f3, la resoluci\u00f3 de problemes educatius i la capacitat d&#8217;incorporar nous recursos a l&#8217;aula.<\/p>\n<p>La formaci\u00f3 del docent ha de ser formada per dues fases:<\/p>\n<ul>\n<li><strong>Capacitaci\u00f3 inicial<\/strong>: s&#8217;ocupa de familiaritzar el professor en el reconeixement i maneig b\u00e0sic dels diferents dispositius tecnol\u00f2gics que hi haur\u00e0 a les aules, explorant-ne les principals eines i la identificaci\u00f3 dels materials educatius digitals.<\/li>\n<li><strong>Formaci\u00f3 permanent<\/strong>: consisteix que el docent compta amb una diversitat de propostes de formaci\u00f3 que el portaran a reflexionar sobre l&#8217;\u00fas de les TIC a l&#8217;\u00e0mbit educatiu i utilitzar de forma creativa els recursos elaboradores per a les assignatures de prim\u00e0ria i secund\u00e0ria.<\/li>\n<\/ul>\n<p><strong>Quins s\u00f3n els objectius de la formaci\u00f3 permanent?<\/strong><\/p>\n<ul>\n<li>Adquisici\u00f3 de coneixements, conceptes o fets que cal adquirir<\/li>\n<li>Adquisici\u00f3 d&#8217;actituds, comportaments que cal generar i desenvolupar<\/li>\n<li>Desenvolupar destreses que han de ser dominades<\/li>\n<\/ul>\n<p><strong>Quins s\u00f3n els cinc pilars de la compet\u00e8ncia digital docent?<\/strong><br \/>\nLa formaci\u00f3 en compet\u00e8ncies es basa en la uni\u00f3 de dos conceptes te\u00f2rics de les ci\u00e8ncies de l&#8217;educaci\u00f3: el cognitivisme i el constructivisme. D&#8217;una banda, el cognitivisme s&#8217;ocupa de la manera com l&#8217;aprenent adquireix i aplica els coneixements i les habilitats; de l&#8217;altra, el constructivisme posa \u00e8mfasi en el paper actiu de l&#8217;aprenent.<\/p>\n<p>Al seg\u00fcent apartat, trobareu les cinc compet\u00e8ncies que ha de tenir en compte un docent en la seva formaci\u00f3 personal i professional:<\/p>\n<ol>\n<li><strong>Informatitzaci\u00f3 i alfabetitzaci\u00f3 informacional<\/strong>. El docent hauria de saber identificar, organitzar, recuperar, guardar, i analitzar la informaci\u00f3 i el contingut digital, avaluant-ne la finalitat.<\/li>\n<li><strong>Comunicaci\u00f3 i elaboraci\u00f3<\/strong>. Aquesta compet\u00e8ncia consisteix que el professor ha de dominar la comunicaci\u00f3 a l&#8217;\u00e0mbit digital, compartir recursos i eines, compartir, interactuar i participar en comunitats i xarxes.<\/li>\n<\/ol>\n<p>&nbsp;<\/p>\n<p style=\"text-align: center;\"><img loading=\"lazy\" decoding=\"async\" class=\"aligncenter size-full wp-image-17038\" src=\"https:\/\/additioapp.com\/wp-content\/uploads\/2022\/02\/post-13-abril.jpg\" alt=\"\" width=\"512\" height=\"294\" srcset=\"https:\/\/additioapp.com\/wp-content\/uploads\/2022\/02\/post-13-abril.jpg 512w, https:\/\/additioapp.com\/wp-content\/uploads\/2022\/02\/post-13-abril-300x172.jpg 300w\" sizes=\"auto, (max-width: 512px) 100vw, 512px\" \/><\/p>\n<p>&nbsp;<\/p>\n<ol start=\"3\">\n<li><strong>Creaci\u00f3 de contingut digital<\/strong>. En aquesta compet\u00e8ncia, el professor ha de saber com crear i editar continguts nous, vincular i reelaborar coneixements i continguts previs, fer produccions art\u00edstiques, continguts multim\u00e8dia i programaci\u00f3 inform\u00e0tica.<\/li>\n<li><strong>Seguretat<\/strong>. \u00c9s l&#8217;habilitat digital essencial i clau i consisteix en la protecci\u00f3 personal, la protecci\u00f3 de dades, la protecci\u00f3 de la identitat digital, l&#8217;\u00fas de seguretat.<\/li>\n<li><strong>Resoluci\u00f3 de problemes<\/strong>. Aquesta compet\u00e8ncia est\u00e0 focalitzada a saber identificar necessitats i recursos digitals i tamb\u00e9 prendre decisions a l&#8217;hora d&#8217;escollir els recursos digitals.<\/li>\n<\/ol>\n<p>&nbsp;<\/p>\n<p style=\"text-align: center;\"><img loading=\"lazy\" decoding=\"async\" class=\"aligncenter size-full wp-image-17043\" src=\"https:\/\/additioapp.com\/wp-content\/uploads\/2022\/02\/desktop_199781e3-0702-4c6a-81f9-85e27c5f1001-300x213-1.jpg\" alt=\"\" width=\"300\" height=\"213\" \/><\/p>\n<p>&nbsp;<\/p>\n<p><strong>Com millorar les compet\u00e8ncies digital docent?<\/strong><\/p>\n<ul>\n<li>Tenir una actitud positiva cap a les TIC.<\/li>\n<li>Con\u00e8ixer els usos de les TIC a l&#8217;\u00e0mbit educatiu.<\/li>\n<li>Con\u00e8ixer l&#8217;\u00fas de les TIC al camp de la seva \u00e0rea de coneixement.<\/li>\n<li>Utilitzar amb destresa les TIC en les activitats: editor de textos, correu electr\u00f2nic i navegaci\u00f3 per internet.<\/li>\n<li>Adquirir l&#8217;h\u00e0bit de planificar el curr\u00edculum integrant les TIC<\/li>\n<li>Proposar activitats formatives als alumnes que considerin l\u00fas de TIC.<\/li>\n<li>Avaluar permanentment l&#8217;\u00fas de les TIC<\/li>\n<\/ul>\n<p>&nbsp;<\/p>\n<p><strong>\u00das de la tecnologia a l&#8217;aula<\/strong><br \/>\nActualment, els professors tenen molts avantatges a l&#8217;hora de treballar a les seves aules, ja que hi ha una gran varietat d&#8217;eines digitals que ajuden el professor a poder fer les classes i avaluar els alumnes de manera \u00e0gil i efica\u00e7.<\/p>\n<p>Entre les eines m\u00e9s did\u00e0ctiques, professionals i que serveixen de gran ajuda per al professor a l&#8217;hora de preparar les classes: Additio que compta amb una s\u00e8rie de funcions per facilitar moltes de les tasques que realitza un docent a l&#8217;hora de preparar i impartir les seves classes classes com:<\/p>\n<ul>\n<li><strong>Quadern de notes digital<\/strong>: permet la gesti\u00f3 dels grups d&#8217;alumnes i les notes de forma pr\u00e0ctica i senzilla.<\/li>\n<li><strong>Planificador de classes<\/strong>: una altra de les funcions de Additio per facilitar les tasques del professor \u00e9s el planificador de classes.<\/li>\n<li><strong>Calendari i horaris<\/strong>: amb la plataforma es poden crear calendaris amb esdeveniments programats, podent mostrar-se amb vista setmanal o mensual.<\/li>\n<li><strong>Importaci\u00f3 i exportaci\u00f3 de dades<\/strong>: Additio disposa d&#8217;un sistema d&#8217;importaci\u00f3 de dades des de fitxers creats al full de c\u00e0lcul Microsoft Excel.<\/li>\n<li><strong>Compartir amb altres docents, fam\u00edlies i alumnat<\/strong>: el sistema de notes, calendaris, esdeveniments i altres dades es pot compartir amb altres docents que utilitzin la plataforma.<\/li>\n<\/ul>\n<p><strong>Interessat a desenvolupar la compet\u00e8ncia digital docent?<\/strong><br \/>\nAdditio ofereix juntament amb Aonia i la Universitat de Girona, un curs de compet\u00e8ncia digital docent amb certificaci\u00f3 i punts v\u00e0lids per a oposicions i concursos de trasllats.<\/p>\n<p>&nbsp;<\/p>\n<p style=\"text-align: center;\"><a href=\"https:\/\/additioacademy.com\/\"><img loading=\"lazy\" decoding=\"async\" class=\"aligncenter wp-image-17059\" src=\"https:\/\/additioapp.com\/wp-content\/uploads\/2022\/02\/Competencia-digital-baner-ca2-1024x313.png\" alt=\"\" width=\"800\" height=\"244\" srcset=\"https:\/\/additioapp.com\/wp-content\/uploads\/2022\/02\/Competencia-digital-baner-ca2-1024x313.png 1024w, https:\/\/additioapp.com\/wp-content\/uploads\/2022\/02\/Competencia-digital-baner-ca2-300x92.png 300w, https:\/\/additioapp.com\/wp-content\/uploads\/2022\/02\/Competencia-digital-baner-ca2-768x234.png 768w, https:\/\/additioapp.com\/wp-content\/uploads\/2022\/02\/Competencia-digital-baner-ca2.png 1140w\" sizes=\"auto, (max-width: 800px) 100vw, 800px\" \/><\/a><\/p>\n","protected":false},"excerpt":{"rendered":"<p>A la societat actual, s&#8217;exigeix \u200b\u200ba les noves generacions un nivell de compet\u00e8ncia digital avan\u00e7at, ja que estan en cont\u00ednua transformaci\u00f3, els h\u00e0bits d&#8217;aprenentatge de l&#8217;alumnat ha canviat, les seves necessitats i les seves circumst\u00e0ncies ja no s\u00f3n les mateixes que fa deu anys, ra\u00f3 per la qual cosa, \u00e9s essencial que des dels centres [&hellip;]<\/p>\n","protected":false},"author":1,"featured_media":388,"comment_status":"closed","ping_status":"closed","sticky":false,"template":"","format":"standard","meta":{"_acf_changed":false,"inline_featured_image":false,"footnotes":""},"categories":[192],"tags":[],"class_list":["post-17057","post","type-post","status-publish","format-standard","has-post-thumbnail","hentry","category-novetats"],"acf":[],"yoast_head":"<!-- This site is optimized with the Yoast SEO plugin v26.1.1 - https:\/\/yoast.com\/wordpress\/plugins\/seo\/ -->\n<title>Qu\u00e8 \u00e9s la compet\u00e8ncia digital docent? - Additio App<\/title>\n<meta name=\"robots\" content=\"index, follow, max-snippet:-1, max-image-preview:large, max-video-preview:-1\" \/>\n<link rel=\"canonical\" href=\"https:\/\/additioapp.com\/ca\/que-es-la-competencia-digital-docent\/\" \/>\n<meta property=\"og:locale\" content=\"ca_ES\" \/>\n<meta property=\"og:type\" content=\"article\" \/>\n<meta property=\"og:title\" content=\"Qu\u00e8 \u00e9s la compet\u00e8ncia digital docent? - Additio App\" \/>\n<meta property=\"og:description\" content=\"A la societat actual, s&#8217;exigeix \u200b\u200ba les noves generacions un nivell de compet\u00e8ncia digital avan\u00e7at, ja que estan en cont\u00ednua transformaci\u00f3, els h\u00e0bits d&#8217;aprenentatge de l&#8217;alumnat ha canviat, les seves necessitats i les seves circumst\u00e0ncies ja no s\u00f3n les mateixes que fa deu anys, ra\u00f3 per la qual cosa, \u00e9s essencial que des dels centres [&hellip;]\" \/>\n<meta property=\"og:url\" content=\"https:\/\/additioapp.com\/ca\/que-es-la-competencia-digital-docent\/\" \/>\n<meta property=\"og:site_name\" content=\"Additio App\" \/>\n<meta property=\"article:published_time\" content=\"2022-02-14T00:00:00+00:00\" \/>\n<meta property=\"article:modified_time\" content=\"2023-11-27T11:45:28+00:00\" \/>\n<meta property=\"og:image\" content=\"https:\/\/additioapp.com\/wp-content\/uploads\/2022\/07\/Competencia-digital-1-1.png\" \/>\n\t<meta property=\"og:image:width\" content=\"320\" \/>\n\t<meta property=\"og:image:height\" content=\"179\" \/>\n\t<meta property=\"og:image:type\" content=\"image\/png\" \/>\n<meta name=\"author\" content=\"Albert\" \/>\n<meta name=\"twitter:card\" content=\"summary_large_image\" \/>\n<meta name=\"twitter:label1\" content=\"Escrit per\" \/>\n\t<meta name=\"twitter:data1\" content=\"Albert\" \/>\n\t<meta name=\"twitter:label2\" content=\"Temps estimat de lectura\" \/>\n\t<meta name=\"twitter:data2\" content=\"5 minuts\" \/>\n<script type=\"application\/ld+json\" class=\"yoast-schema-graph\">{\"@context\":\"https:\/\/schema.org\",\"@graph\":[{\"@type\":\"Article\",\"@id\":\"https:\/\/additioapp.com\/ca\/que-es-la-competencia-digital-docent\/#article\",\"isPartOf\":{\"@id\":\"https:\/\/additioapp.com\/ca\/que-es-la-competencia-digital-docent\/\"},\"author\":{\"name\":\"Albert\",\"@id\":\"https:\/\/additioapp.com\/#\/schema\/person\/a3faa2461c8bee87f05dd1dd81dbd706\"},\"headline\":\"Qu\u00e8 \u00e9s la compet\u00e8ncia digital docent?\",\"datePublished\":\"2022-02-14T00:00:00+00:00\",\"dateModified\":\"2023-11-27T11:45:28+00:00\",\"mainEntityOfPage\":{\"@id\":\"https:\/\/additioapp.com\/ca\/que-es-la-competencia-digital-docent\/\"},\"wordCount\":996,\"publisher\":{\"@id\":\"https:\/\/additioapp.com\/#organization\"},\"image\":{\"@id\":\"https:\/\/additioapp.com\/ca\/que-es-la-competencia-digital-docent\/#primaryimage\"},\"thumbnailUrl\":\"https:\/\/additioapp.com\/wp-content\/uploads\/2022\/07\/Competencia-digital-1-1.png\",\"articleSection\":[\"Novetats\"],\"inLanguage\":\"ca\"},{\"@type\":\"WebPage\",\"@id\":\"https:\/\/additioapp.com\/ca\/que-es-la-competencia-digital-docent\/\",\"url\":\"https:\/\/additioapp.com\/ca\/que-es-la-competencia-digital-docent\/\",\"name\":\"Qu\u00e8 \u00e9s la compet\u00e8ncia digital docent? - Additio App\",\"isPartOf\":{\"@id\":\"https:\/\/additioapp.com\/#website\"},\"primaryImageOfPage\":{\"@id\":\"https:\/\/additioapp.com\/ca\/que-es-la-competencia-digital-docent\/#primaryimage\"},\"image\":{\"@id\":\"https:\/\/additioapp.com\/ca\/que-es-la-competencia-digital-docent\/#primaryimage\"},\"thumbnailUrl\":\"https:\/\/additioapp.com\/wp-content\/uploads\/2022\/07\/Competencia-digital-1-1.png\",\"datePublished\":\"2022-02-14T00:00:00+00:00\",\"dateModified\":\"2023-11-27T11:45:28+00:00\",\"breadcrumb\":{\"@id\":\"https:\/\/additioapp.com\/ca\/que-es-la-competencia-digital-docent\/#breadcrumb\"},\"inLanguage\":\"ca\",\"potentialAction\":[{\"@type\":\"ReadAction\",\"target\":[\"https:\/\/additioapp.com\/ca\/que-es-la-competencia-digital-docent\/\"]}]},{\"@type\":\"ImageObject\",\"inLanguage\":\"ca\",\"@id\":\"https:\/\/additioapp.com\/ca\/que-es-la-competencia-digital-docent\/#primaryimage\",\"url\":\"https:\/\/additioapp.com\/wp-content\/uploads\/2022\/07\/Competencia-digital-1-1.png\",\"contentUrl\":\"https:\/\/additioapp.com\/wp-content\/uploads\/2022\/07\/Competencia-digital-1-1.png\",\"width\":320,\"height\":179},{\"@type\":\"BreadcrumbList\",\"@id\":\"https:\/\/additioapp.com\/ca\/que-es-la-competencia-digital-docent\/#breadcrumb\",\"itemListElement\":[{\"@type\":\"ListItem\",\"position\":1,\"name\":\"Portada\",\"item\":\"https:\/\/additioapp.com\/ca\/\"},{\"@type\":\"ListItem\",\"position\":2,\"name\":\"Qu\u00e8 \u00e9s la compet\u00e8ncia digital docent?\"}]},{\"@type\":\"WebSite\",\"@id\":\"https:\/\/additioapp.com\/#website\",\"url\":\"https:\/\/additioapp.com\/\",\"name\":\"Additio App\",\"description\":\"Plataforma de gesti\u00f3 escolar de nova generaci\u00f3\",\"publisher\":{\"@id\":\"https:\/\/additioapp.com\/#organization\"},\"potentialAction\":[{\"@type\":\"SearchAction\",\"target\":{\"@type\":\"EntryPoint\",\"urlTemplate\":\"https:\/\/additioapp.com\/?s={search_term_string}\"},\"query-input\":{\"@type\":\"PropertyValueSpecification\",\"valueRequired\":true,\"valueName\":\"search_term_string\"}}],\"inLanguage\":\"ca\"},{\"@type\":\"Organization\",\"@id\":\"https:\/\/additioapp.com\/#organization\",\"name\":\"Additio App\",\"url\":\"https:\/\/additioapp.com\/\",\"logo\":{\"@type\":\"ImageObject\",\"inLanguage\":\"ca\",\"@id\":\"https:\/\/additioapp.com\/#\/schema\/logo\/image\/\",\"url\":\"https:\/\/additioapp.com\/wp-content\/uploads\/2026\/03\/logo-web-by-seven.svg\",\"contentUrl\":\"https:\/\/additioapp.com\/wp-content\/uploads\/2026\/03\/logo-web-by-seven.svg\",\"caption\":\"Additio App\"},\"image\":{\"@id\":\"https:\/\/additioapp.com\/#\/schema\/logo\/image\/\"}},{\"@type\":\"Person\",\"@id\":\"https:\/\/additioapp.com\/#\/schema\/person\/a3faa2461c8bee87f05dd1dd81dbd706\",\"name\":\"Albert\",\"image\":{\"@type\":\"ImageObject\",\"inLanguage\":\"ca\",\"@id\":\"https:\/\/additioapp.com\/#\/schema\/person\/image\/\",\"url\":\"https:\/\/secure.gravatar.com\/avatar\/a3e822c64e178867c406ca6fa37f014eed7094ee2043b24dc43bde2d269f1cc4?s=96&d=mm&r=g\",\"contentUrl\":\"https:\/\/secure.gravatar.com\/avatar\/a3e822c64e178867c406ca6fa37f014eed7094ee2043b24dc43bde2d269f1cc4?s=96&d=mm&r=g\",\"caption\":\"Albert\"},\"sameAs\":[\"https:\/\/additioapp.com\"]}]}<\/script>\n<!-- \/ Yoast SEO plugin. -->","yoast_head_json":{"title":"Qu\u00e8 \u00e9s la compet\u00e8ncia digital docent? - Additio App","robots":{"index":"index","follow":"follow","max-snippet":"max-snippet:-1","max-image-preview":"max-image-preview:large","max-video-preview":"max-video-preview:-1"},"canonical":"https:\/\/additioapp.com\/ca\/que-es-la-competencia-digital-docent\/","og_locale":"ca_ES","og_type":"article","og_title":"Qu\u00e8 \u00e9s la compet\u00e8ncia digital docent? - Additio App","og_description":"A la societat actual, s&#8217;exigeix \u200b\u200ba les noves generacions un nivell de compet\u00e8ncia digital avan\u00e7at, ja que estan en cont\u00ednua transformaci\u00f3, els h\u00e0bits d&#8217;aprenentatge de l&#8217;alumnat ha canviat, les seves necessitats i les seves circumst\u00e0ncies ja no s\u00f3n les mateixes que fa deu anys, ra\u00f3 per la qual cosa, \u00e9s essencial que des dels centres [&hellip;]","og_url":"https:\/\/additioapp.com\/ca\/que-es-la-competencia-digital-docent\/","og_site_name":"Additio App","article_published_time":"2022-02-14T00:00:00+00:00","article_modified_time":"2023-11-27T11:45:28+00:00","og_image":[{"width":320,"height":179,"url":"https:\/\/additioapp.com\/wp-content\/uploads\/2022\/07\/Competencia-digital-1-1.png","type":"image\/png"}],"author":"Albert","twitter_card":"summary_large_image","twitter_misc":{"Escrit per":"Albert","Temps estimat de lectura":"5 minuts"},"schema":{"@context":"https:\/\/schema.org","@graph":[{"@type":"Article","@id":"https:\/\/additioapp.com\/ca\/que-es-la-competencia-digital-docent\/#article","isPartOf":{"@id":"https:\/\/additioapp.com\/ca\/que-es-la-competencia-digital-docent\/"},"author":{"name":"Albert","@id":"https:\/\/additioapp.com\/#\/schema\/person\/a3faa2461c8bee87f05dd1dd81dbd706"},"headline":"Qu\u00e8 \u00e9s la compet\u00e8ncia digital docent?","datePublished":"2022-02-14T00:00:00+00:00","dateModified":"2023-11-27T11:45:28+00:00","mainEntityOfPage":{"@id":"https:\/\/additioapp.com\/ca\/que-es-la-competencia-digital-docent\/"},"wordCount":996,"publisher":{"@id":"https:\/\/additioapp.com\/#organization"},"image":{"@id":"https:\/\/additioapp.com\/ca\/que-es-la-competencia-digital-docent\/#primaryimage"},"thumbnailUrl":"https:\/\/additioapp.com\/wp-content\/uploads\/2022\/07\/Competencia-digital-1-1.png","articleSection":["Novetats"],"inLanguage":"ca"},{"@type":"WebPage","@id":"https:\/\/additioapp.com\/ca\/que-es-la-competencia-digital-docent\/","url":"https:\/\/additioapp.com\/ca\/que-es-la-competencia-digital-docent\/","name":"Qu\u00e8 \u00e9s la compet\u00e8ncia digital docent? - Additio App","isPartOf":{"@id":"https:\/\/additioapp.com\/#website"},"primaryImageOfPage":{"@id":"https:\/\/additioapp.com\/ca\/que-es-la-competencia-digital-docent\/#primaryimage"},"image":{"@id":"https:\/\/additioapp.com\/ca\/que-es-la-competencia-digital-docent\/#primaryimage"},"thumbnailUrl":"https:\/\/additioapp.com\/wp-content\/uploads\/2022\/07\/Competencia-digital-1-1.png","datePublished":"2022-02-14T00:00:00+00:00","dateModified":"2023-11-27T11:45:28+00:00","breadcrumb":{"@id":"https:\/\/additioapp.com\/ca\/que-es-la-competencia-digital-docent\/#breadcrumb"},"inLanguage":"ca","potentialAction":[{"@type":"ReadAction","target":["https:\/\/additioapp.com\/ca\/que-es-la-competencia-digital-docent\/"]}]},{"@type":"ImageObject","inLanguage":"ca","@id":"https:\/\/additioapp.com\/ca\/que-es-la-competencia-digital-docent\/#primaryimage","url":"https:\/\/additioapp.com\/wp-content\/uploads\/2022\/07\/Competencia-digital-1-1.png","contentUrl":"https:\/\/additioapp.com\/wp-content\/uploads\/2022\/07\/Competencia-digital-1-1.png","width":320,"height":179},{"@type":"BreadcrumbList","@id":"https:\/\/additioapp.com\/ca\/que-es-la-competencia-digital-docent\/#breadcrumb","itemListElement":[{"@type":"ListItem","position":1,"name":"Portada","item":"https:\/\/additioapp.com\/ca\/"},{"@type":"ListItem","position":2,"name":"Qu\u00e8 \u00e9s la compet\u00e8ncia digital docent?"}]},{"@type":"WebSite","@id":"https:\/\/additioapp.com\/#website","url":"https:\/\/additioapp.com\/","name":"Additio App","description":"Plataforma de gesti\u00f3 escolar de nova generaci\u00f3","publisher":{"@id":"https:\/\/additioapp.com\/#organization"},"potentialAction":[{"@type":"SearchAction","target":{"@type":"EntryPoint","urlTemplate":"https:\/\/additioapp.com\/?s={search_term_string}"},"query-input":{"@type":"PropertyValueSpecification","valueRequired":true,"valueName":"search_term_string"}}],"inLanguage":"ca"},{"@type":"Organization","@id":"https:\/\/additioapp.com\/#organization","name":"Additio App","url":"https:\/\/additioapp.com\/","logo":{"@type":"ImageObject","inLanguage":"ca","@id":"https:\/\/additioapp.com\/#\/schema\/logo\/image\/","url":"https:\/\/additioapp.com\/wp-content\/uploads\/2026\/03\/logo-web-by-seven.svg","contentUrl":"https:\/\/additioapp.com\/wp-content\/uploads\/2026\/03\/logo-web-by-seven.svg","caption":"Additio App"},"image":{"@id":"https:\/\/additioapp.com\/#\/schema\/logo\/image\/"}},{"@type":"Person","@id":"https:\/\/additioapp.com\/#\/schema\/person\/a3faa2461c8bee87f05dd1dd81dbd706","name":"Albert","image":{"@type":"ImageObject","inLanguage":"ca","@id":"https:\/\/additioapp.com\/#\/schema\/person\/image\/","url":"https:\/\/secure.gravatar.com\/avatar\/a3e822c64e178867c406ca6fa37f014eed7094ee2043b24dc43bde2d269f1cc4?s=96&d=mm&r=g","contentUrl":"https:\/\/secure.gravatar.com\/avatar\/a3e822c64e178867c406ca6fa37f014eed7094ee2043b24dc43bde2d269f1cc4?s=96&d=mm&r=g","caption":"Albert"},"sameAs":["https:\/\/additioapp.com"]}]}},"_links":{"self":[{"href":"https:\/\/additioapp.com\/ca\/wp-json\/wp\/v2\/posts\/17057","targetHints":{"allow":["GET"]}}],"collection":[{"href":"https:\/\/additioapp.com\/ca\/wp-json\/wp\/v2\/posts"}],"about":[{"href":"https:\/\/additioapp.com\/ca\/wp-json\/wp\/v2\/types\/post"}],"author":[{"embeddable":true,"href":"https:\/\/additioapp.com\/ca\/wp-json\/wp\/v2\/users\/1"}],"replies":[{"embeddable":true,"href":"https:\/\/additioapp.com\/ca\/wp-json\/wp\/v2\/comments?post=17057"}],"version-history":[{"count":3,"href":"https:\/\/additioapp.com\/ca\/wp-json\/wp\/v2\/posts\/17057\/revisions"}],"predecessor-version":[{"id":27700,"href":"https:\/\/additioapp.com\/ca\/wp-json\/wp\/v2\/posts\/17057\/revisions\/27700"}],"wp:featuredmedia":[{"embeddable":true,"href":"https:\/\/additioapp.com\/ca\/wp-json\/wp\/v2\/media\/388"}],"wp:attachment":[{"href":"https:\/\/additioapp.com\/ca\/wp-json\/wp\/v2\/media?parent=17057"}],"wp:term":[{"taxonomy":"category","embeddable":true,"href":"https:\/\/additioapp.com\/ca\/wp-json\/wp\/v2\/categories?post=17057"},{"taxonomy":"post_tag","embeddable":true,"href":"https:\/\/additioapp.com\/ca\/wp-json\/wp\/v2\/tags?post=17057"}],"curies":[{"name":"wp","href":"https:\/\/api.w.org\/{rel}","templated":true}]}}