{"id":16843,"date":"2022-01-15T09:57:57","date_gmt":"2022-01-15T09:57:57","guid":{"rendered":"https:\/\/additioapp.com\/trabaja-con-rubricas-en-clase\/"},"modified":"2022-08-02T06:32:54","modified_gmt":"2022-08-02T06:32:54","slug":"treballar-amb-rubriques-a-classe","status":"publish","type":"post","link":"https:\/\/additioapp.com\/ca\/treballar-amb-rubriques-a-classe\/","title":{"rendered":"Treballa amb r\u00fabriques a classe"},"content":{"rendered":"<p>Les r\u00fabriques s\u00f3n una manera d&#8217;avaluar el nostre alumnat i que els ajuden a ser part\u00edcips del seu propi resultat i alhora del seu proc\u00e9s d&#8217;aprenentatge, coneixent aix\u00ed els errors i els encerts per millorar dia a dia.<\/p>\n<p>&nbsp;<\/p>\n<p>&#8220;La r\u00fabrica en si \u00e9s un document que descriu diferents nivells de qualitat d&#8217;una tasca o projecte, donant un feedback informatiu a l&#8217;alumnat sobre el desenvolupament del seu treball durant el proc\u00e9s i una avaluaci\u00f3 detallada sobre els treballs finals&#8221; explica Rosa Liarte, docent de Hist\u00f2ria a l&#8217;IES Eduardo Janeiro a Fuengirola (M\u00e0laga) en una entrevista.<\/p>\n<p>&nbsp;<\/p>\n<p><img loading=\"lazy\" decoding=\"async\" class=\"aligncenter wp-image-16819 size-large\" src=\"https:\/\/additioapp.com\/wp-content\/uploads\/2022\/01\/file-l2Dm2YP171-1024x574.png\" alt=\"\" width=\"640\" height=\"359\" srcset=\"https:\/\/additioapp.com\/wp-content\/uploads\/2022\/01\/file-l2Dm2YP171-1024x574.png 1024w, https:\/\/additioapp.com\/wp-content\/uploads\/2022\/01\/file-l2Dm2YP171-300x168.png 300w, https:\/\/additioapp.com\/wp-content\/uploads\/2022\/01\/file-l2Dm2YP171-768x430.png 768w, https:\/\/additioapp.com\/wp-content\/uploads\/2022\/01\/file-l2Dm2YP171.png 1365w\" sizes=\"auto, (max-width: 640px) 100vw, 640px\" \/><\/p>\n<p>&nbsp;<\/p>\n<p><strong>Avaluaci\u00f3 formativa amb r\u00fabriques<\/strong><br \/>\nUn aspecte clau de les r\u00fabriques \u00e9s la possibilitat de poder avaluar aspectes m\u00e9s abstractes de l&#8217;aprenentatge, com ara la motivaci\u00f3, el treball en equip, la capacitat d&#8217;argumentaci\u00f3, etc.<\/p>\n<p>D&#8217;aquesta manera, no ens centrem nom\u00e9s en una nota. L&#8217;alumnat ha de comprendre el perqu\u00e8 d&#8217;aquest resultat, no nom\u00e9s el valor num\u00e8ric, sin\u00f3 tots els aspectes que envolten el resultat final.<\/p>\n<p>&nbsp;<\/p>\n<p><img loading=\"lazy\" decoding=\"async\" class=\"aligncenter wp-image-16837\" src=\"https:\/\/additioapp.com\/wp-content\/uploads\/2022\/01\/kudos.jpg\" alt=\"\" width=\"600\" height=\"400\" srcset=\"https:\/\/additioapp.com\/wp-content\/uploads\/2022\/01\/kudos.jpg 1000w, https:\/\/additioapp.com\/wp-content\/uploads\/2022\/01\/kudos-300x200.jpg 300w, https:\/\/additioapp.com\/wp-content\/uploads\/2022\/01\/kudos-768x512.jpg 768w\" sizes=\"auto, (max-width: 600px) 100vw, 600px\" \/><\/p>\n<p>&nbsp;<\/p>\n<p><strong>Com crear la r\u00fabrica perfecta?<\/strong><br \/>\nEl primer que cal fer abans de crear una r\u00fabrica ser\u00e0 determinar els objectius d&#8217;aprenentatge, \u00e9s a dir, qu\u00e8 volem obtenir del nostre alumnat mitjan\u00e7ant aquesta activitat. En el cas de fer una exposici\u00f3 oral, per exemple, podrem avaluar aspectes com ara la capacitat d&#8217;expressi\u00f3, el contingut de l&#8217;exposici\u00f3, la creativitat, si ha estat comprensible, etc.<\/p>\n<p>Un cop tenim clar el nostre objectiu, arriba el moment de triar els aspectes o els \u00edtems que volem valorar.<\/p>\n<p>Per poder crear una bona r\u00fabrica necessitem dos elements principals:<\/p>\n<ol>\n<li>una columna vertical que contempli els criteris d&#8217;avaluaci\u00f3 del projecte o tasca esmentat, \u00e9s a dir, els aspectes que volem valorar en l&#8217;activitat<\/li>\n<li>una columna horitzontal amb els graus de qualitat d&#8217;aquests criteris, qu\u00e8 seria d&#8217;una nota m\u00e9s baixa a una de m\u00e9s elevada, com pot ser d&#8217;insuficient a excel\u00b7lent<\/li>\n<\/ol>\n<p>Un cop tenim aquests dos elements creats, nom\u00e9s faltar\u00e0 afegir el significat de cada \u00edtem, \u00e9s a dir, perqu\u00e8 escollim aquesta nota i no una inferior o superior<\/p>\n<p><img loading=\"lazy\" decoding=\"async\" class=\"aligncenter size-full wp-image-16845\" src=\"https:\/\/additioapp.com\/wp-content\/uploads\/2022\/01\/cat.png\" alt=\"\" width=\"625\" height=\"605\" srcset=\"https:\/\/additioapp.com\/wp-content\/uploads\/2022\/01\/cat.png 625w, https:\/\/additioapp.com\/wp-content\/uploads\/2022\/01\/cat-300x290.png 300w\" sizes=\"auto, (max-width: 625px) 100vw, 625px\" \/><\/p>\n<p>&nbsp;<\/p>\n<p><strong>Beneficis principals de l&#8217;avaluaci\u00f3 amb r\u00fabriques<\/strong><\/p>\n<ul>\n<li>Millorem la percepci\u00f3 que els alumnes tenen del seu aprenentatge<\/li>\n<li>S&#8217;aconsegueixen beneficis en l&#8217;\u00e0mbit de l&#8217;avaluaci\u00f3, tant per als docents com per al mateix alumnat.<\/li>\n<li>Mostren expectatives de desenvolupament de les diferents activitats en relaci\u00f3 amb els diferents graus de consecuci\u00f3<\/li>\n<li>Permeten a l&#8217;estudiant monitoritzar la pr\u00f2pia activitat, autoavaluant-se, i aix\u00ed afavorir l&#8217;adquisici\u00f3 de responsabilitat davant dels aprenentatges<\/li>\n<li>Poden fer-se servir per donar feedback als estudiants, en el marc d&#8217;una avaluaci\u00f3 formativa i continuada.<\/li>\n<\/ul>\n<p>&nbsp;<\/p>\n<p><img loading=\"lazy\" decoding=\"async\" class=\"aligncenter wp-image-16828 size-large\" src=\"https:\/\/additioapp.com\/wp-content\/uploads\/2022\/01\/rubricas-en-clase-1024x572.jpg\" alt=\"\" width=\"640\" height=\"358\" srcset=\"https:\/\/additioapp.com\/wp-content\/uploads\/2022\/01\/rubricas-en-clase-1024x572.jpg 1024w, https:\/\/additioapp.com\/wp-content\/uploads\/2022\/01\/rubricas-en-clase-300x168.jpg 300w, https:\/\/additioapp.com\/wp-content\/uploads\/2022\/01\/rubricas-en-clase-768x429.jpg 768w, https:\/\/additioapp.com\/wp-content\/uploads\/2022\/01\/rubricas-en-clase.jpg 1120w\" sizes=\"auto, (max-width: 640px) 100vw, 640px\" \/><\/p>\n<p>&nbsp;<\/p>\n<p><strong>Autoavaluaci\u00f3 i coavaluaci\u00f3 amb r\u00fabriques<\/strong><br \/>\nUna bona manera perqu\u00e8 l&#8217;alumnat desenvolupi les capacitats d&#8217;autocr\u00edtica i d&#8217;avaluaci\u00f3 \u00e9s mitjan\u00e7ant la creaci\u00f3 d&#8217;autoavaluacions i coavaluacions.<\/p>\n<p>&nbsp;<\/p>\n<p>D&#8217;aquesta manera, l&#8217;alumnat arribar\u00e0 a ser capa\u00e7 de valorar-se a si mateix, analitzant-ne el treball i reflexionar sobre quins aspectes es poden millorar i quins han anat realment b\u00e9.<\/p>\n<p>&nbsp;<\/p>\n<p>Alhora, tamb\u00e9 \u00e9s important que l&#8217;alumnat aprengui a valorar els seus companys des d&#8217;un punt de vista objectiu, usant les mateixes t\u00e8cniques que farien servir si s&#8217;avaluessin a ells mateixos i fent \u00fas de la cr\u00edtica constructiva.<\/p>\n<p>&nbsp;<\/p>\n<p>Des d&#8217;Additio, podeu trobar aquestes dues opcions fent clic sobre l&#8217;opci\u00f3 de crear una columna nova dins del vostre quadern de notes amb el bot\u00f3 dret del ratol\u00ed. Descobriu m\u00e9s sobre com crear aquests dos tipus d&#8217;activitats <a href=\"https:\/\/www.additioapp.com\/ca\/rubriques\/\">aqu\u00ed<\/a>.<\/p>\n","protected":false},"excerpt":{"rendered":"<p>Les r\u00fabriques s\u00f3n una manera d&#8217;avaluar el nostre alumnat i que els ajuden a ser part\u00edcips del seu propi resultat i alhora del seu proc\u00e9s d&#8217;aprenentatge, coneixent aix\u00ed els errors i els encerts per millorar dia a dia. &nbsp; &#8220;La r\u00fabrica en si \u00e9s un document que descriu diferents nivells de qualitat d&#8217;una tasca o [&hellip;]<\/p>\n","protected":false},"author":2,"featured_media":696,"comment_status":"open","ping_status":"open","sticky":false,"template":"","format":"standard","meta":{"_acf_changed":false,"inline_featured_image":false,"footnotes":""},"categories":[180],"tags":[],"class_list":["post-16843","post","type-post","status-publish","format-standard","has-post-thumbnail","hentry","category-consells"],"acf":[],"yoast_head":"<!-- This site is optimized with the Yoast SEO plugin v26.1.1 - https:\/\/yoast.com\/wordpress\/plugins\/seo\/ -->\n<title>Treballa amb r\u00fabriques a classe - Additio App<\/title>\n<meta name=\"robots\" content=\"index, follow, max-snippet:-1, max-image-preview:large, max-video-preview:-1\" \/>\n<link rel=\"canonical\" href=\"https:\/\/additioapp.com\/ca\/treballar-amb-rubriques-a-classe\/\" \/>\n<meta property=\"og:locale\" content=\"ca_ES\" \/>\n<meta property=\"og:type\" content=\"article\" \/>\n<meta property=\"og:title\" content=\"Treballa amb r\u00fabriques a classe - Additio App\" \/>\n<meta property=\"og:description\" content=\"Les r\u00fabriques s\u00f3n una manera d&#8217;avaluar el nostre alumnat i que els ajuden a ser part\u00edcips del seu propi resultat i alhora del seu proc\u00e9s d&#8217;aprenentatge, coneixent aix\u00ed els errors i els encerts per millorar dia a dia. &nbsp; &#8220;La r\u00fabrica en si \u00e9s un document que descriu diferents nivells de qualitat d&#8217;una tasca o [&hellip;]\" \/>\n<meta property=\"og:url\" content=\"https:\/\/additioapp.com\/ca\/treballar-amb-rubriques-a-classe\/\" \/>\n<meta property=\"og:site_name\" content=\"Additio App\" \/>\n<meta property=\"article:published_time\" content=\"2022-01-15T09:57:57+00:00\" \/>\n<meta property=\"article:modified_time\" content=\"2022-08-02T06:32:54+00:00\" \/>\n<meta property=\"og:image\" content=\"https:\/\/i0.wp.com\/additioapp.com\/wp-content\/uploads\/2022\/07\/rubrica-additio.jpg?fit=1120%2C626&ssl=1\" \/>\n\t<meta property=\"og:image:width\" content=\"1120\" \/>\n\t<meta property=\"og:image:height\" content=\"626\" \/>\n\t<meta property=\"og:image:type\" content=\"image\/jpeg\" \/>\n<meta name=\"author\" content=\"Francesc\" \/>\n<meta name=\"twitter:card\" content=\"summary_large_image\" \/>\n<meta name=\"twitter:label1\" content=\"Escrit per\" \/>\n\t<meta name=\"twitter:data1\" content=\"Francesc\" \/>\n\t<meta name=\"twitter:label2\" content=\"Temps estimat de lectura\" \/>\n\t<meta name=\"twitter:data2\" content=\"3 minuts\" \/>\n<script type=\"application\/ld+json\" class=\"yoast-schema-graph\">{\"@context\":\"https:\/\/schema.org\",\"@graph\":[{\"@type\":\"Article\",\"@id\":\"https:\/\/additioapp.com\/ca\/treballar-amb-rubriques-a-classe\/#article\",\"isPartOf\":{\"@id\":\"https:\/\/additioapp.com\/ca\/treballar-amb-rubriques-a-classe\/\"},\"author\":{\"name\":\"Francesc\",\"@id\":\"https:\/\/additioapp.com\/#\/schema\/person\/b98a5d7aca00a402cc1a040e69a0a738\"},\"headline\":\"Treballa amb r\u00fabriques a classe\",\"datePublished\":\"2022-01-15T09:57:57+00:00\",\"dateModified\":\"2022-08-02T06:32:54+00:00\",\"mainEntityOfPage\":{\"@id\":\"https:\/\/additioapp.com\/ca\/treballar-amb-rubriques-a-classe\/\"},\"wordCount\":618,\"commentCount\":0,\"publisher\":{\"@id\":\"https:\/\/additioapp.com\/#organization\"},\"image\":{\"@id\":\"https:\/\/additioapp.com\/ca\/treballar-amb-rubriques-a-classe\/#primaryimage\"},\"thumbnailUrl\":\"https:\/\/additioapp.com\/wp-content\/uploads\/2022\/07\/rubrica-additio.jpg\",\"articleSection\":[\"Consells\"],\"inLanguage\":\"ca\",\"potentialAction\":[{\"@type\":\"CommentAction\",\"name\":\"Comment\",\"target\":[\"https:\/\/additioapp.com\/ca\/treballar-amb-rubriques-a-classe\/#respond\"]}]},{\"@type\":\"WebPage\",\"@id\":\"https:\/\/additioapp.com\/ca\/treballar-amb-rubriques-a-classe\/\",\"url\":\"https:\/\/additioapp.com\/ca\/treballar-amb-rubriques-a-classe\/\",\"name\":\"Treballa amb r\u00fabriques a classe - Additio App\",\"isPartOf\":{\"@id\":\"https:\/\/additioapp.com\/#website\"},\"primaryImageOfPage\":{\"@id\":\"https:\/\/additioapp.com\/ca\/treballar-amb-rubriques-a-classe\/#primaryimage\"},\"image\":{\"@id\":\"https:\/\/additioapp.com\/ca\/treballar-amb-rubriques-a-classe\/#primaryimage\"},\"thumbnailUrl\":\"https:\/\/additioapp.com\/wp-content\/uploads\/2022\/07\/rubrica-additio.jpg\",\"datePublished\":\"2022-01-15T09:57:57+00:00\",\"dateModified\":\"2022-08-02T06:32:54+00:00\",\"breadcrumb\":{\"@id\":\"https:\/\/additioapp.com\/ca\/treballar-amb-rubriques-a-classe\/#breadcrumb\"},\"inLanguage\":\"ca\",\"potentialAction\":[{\"@type\":\"ReadAction\",\"target\":[\"https:\/\/additioapp.com\/ca\/treballar-amb-rubriques-a-classe\/\"]}]},{\"@type\":\"ImageObject\",\"inLanguage\":\"ca\",\"@id\":\"https:\/\/additioapp.com\/ca\/treballar-amb-rubriques-a-classe\/#primaryimage\",\"url\":\"https:\/\/additioapp.com\/wp-content\/uploads\/2022\/07\/rubrica-additio.jpg\",\"contentUrl\":\"https:\/\/additioapp.com\/wp-content\/uploads\/2022\/07\/rubrica-additio.jpg\",\"width\":1120,\"height\":626},{\"@type\":\"BreadcrumbList\",\"@id\":\"https:\/\/additioapp.com\/ca\/treballar-amb-rubriques-a-classe\/#breadcrumb\",\"itemListElement\":[{\"@type\":\"ListItem\",\"position\":1,\"name\":\"Portada\",\"item\":\"https:\/\/additioapp.com\/ca\/\"},{\"@type\":\"ListItem\",\"position\":2,\"name\":\"Treballa amb r\u00fabriques a classe\"}]},{\"@type\":\"WebSite\",\"@id\":\"https:\/\/additioapp.com\/#website\",\"url\":\"https:\/\/additioapp.com\/\",\"name\":\"Additio App\",\"description\":\"Plataforma de gesti\u00f3 escolar de nova generaci\u00f3\",\"publisher\":{\"@id\":\"https:\/\/additioapp.com\/#organization\"},\"potentialAction\":[{\"@type\":\"SearchAction\",\"target\":{\"@type\":\"EntryPoint\",\"urlTemplate\":\"https:\/\/additioapp.com\/?s={search_term_string}\"},\"query-input\":{\"@type\":\"PropertyValueSpecification\",\"valueRequired\":true,\"valueName\":\"search_term_string\"}}],\"inLanguage\":\"ca\"},{\"@type\":\"Organization\",\"@id\":\"https:\/\/additioapp.com\/#organization\",\"name\":\"Additio App\",\"url\":\"https:\/\/additioapp.com\/\",\"logo\":{\"@type\":\"ImageObject\",\"inLanguage\":\"ca\",\"@id\":\"https:\/\/additioapp.com\/#\/schema\/logo\/image\/\",\"url\":\"https:\/\/additioapp.com\/wp-content\/uploads\/2026\/03\/logo-web-by-seven.svg\",\"contentUrl\":\"https:\/\/additioapp.com\/wp-content\/uploads\/2026\/03\/logo-web-by-seven.svg\",\"caption\":\"Additio App\"},\"image\":{\"@id\":\"https:\/\/additioapp.com\/#\/schema\/logo\/image\/\"}},{\"@type\":\"Person\",\"@id\":\"https:\/\/additioapp.com\/#\/schema\/person\/b98a5d7aca00a402cc1a040e69a0a738\",\"name\":\"Francesc\",\"image\":{\"@type\":\"ImageObject\",\"inLanguage\":\"ca\",\"@id\":\"https:\/\/additioapp.com\/#\/schema\/person\/image\/\",\"url\":\"https:\/\/secure.gravatar.com\/avatar\/5e6cf43346f2e6e70f0f88846bd3ca89b547fde8fecf3bf2cda0d03365dcf70a?s=96&d=mm&r=g\",\"contentUrl\":\"https:\/\/secure.gravatar.com\/avatar\/5e6cf43346f2e6e70f0f88846bd3ca89b547fde8fecf3bf2cda0d03365dcf70a?s=96&d=mm&r=g\",\"caption\":\"Francesc\"}}]}<\/script>\n<!-- \/ Yoast SEO plugin. -->","yoast_head_json":{"title":"Treballa amb r\u00fabriques a classe - Additio App","robots":{"index":"index","follow":"follow","max-snippet":"max-snippet:-1","max-image-preview":"max-image-preview:large","max-video-preview":"max-video-preview:-1"},"canonical":"https:\/\/additioapp.com\/ca\/treballar-amb-rubriques-a-classe\/","og_locale":"ca_ES","og_type":"article","og_title":"Treballa amb r\u00fabriques a classe - Additio App","og_description":"Les r\u00fabriques s\u00f3n una manera d&#8217;avaluar el nostre alumnat i que els ajuden a ser part\u00edcips del seu propi resultat i alhora del seu proc\u00e9s d&#8217;aprenentatge, coneixent aix\u00ed els errors i els encerts per millorar dia a dia. &nbsp; &#8220;La r\u00fabrica en si \u00e9s un document que descriu diferents nivells de qualitat d&#8217;una tasca o [&hellip;]","og_url":"https:\/\/additioapp.com\/ca\/treballar-amb-rubriques-a-classe\/","og_site_name":"Additio App","article_published_time":"2022-01-15T09:57:57+00:00","article_modified_time":"2022-08-02T06:32:54+00:00","og_image":[{"width":1120,"height":626,"url":"https:\/\/i0.wp.com\/additioapp.com\/wp-content\/uploads\/2022\/07\/rubrica-additio.jpg?fit=1120%2C626&ssl=1","type":"image\/jpeg"}],"author":"Francesc","twitter_card":"summary_large_image","twitter_misc":{"Escrit per":"Francesc","Temps estimat de lectura":"3 minuts"},"schema":{"@context":"https:\/\/schema.org","@graph":[{"@type":"Article","@id":"https:\/\/additioapp.com\/ca\/treballar-amb-rubriques-a-classe\/#article","isPartOf":{"@id":"https:\/\/additioapp.com\/ca\/treballar-amb-rubriques-a-classe\/"},"author":{"name":"Francesc","@id":"https:\/\/additioapp.com\/#\/schema\/person\/b98a5d7aca00a402cc1a040e69a0a738"},"headline":"Treballa amb r\u00fabriques a classe","datePublished":"2022-01-15T09:57:57+00:00","dateModified":"2022-08-02T06:32:54+00:00","mainEntityOfPage":{"@id":"https:\/\/additioapp.com\/ca\/treballar-amb-rubriques-a-classe\/"},"wordCount":618,"commentCount":0,"publisher":{"@id":"https:\/\/additioapp.com\/#organization"},"image":{"@id":"https:\/\/additioapp.com\/ca\/treballar-amb-rubriques-a-classe\/#primaryimage"},"thumbnailUrl":"https:\/\/additioapp.com\/wp-content\/uploads\/2022\/07\/rubrica-additio.jpg","articleSection":["Consells"],"inLanguage":"ca","potentialAction":[{"@type":"CommentAction","name":"Comment","target":["https:\/\/additioapp.com\/ca\/treballar-amb-rubriques-a-classe\/#respond"]}]},{"@type":"WebPage","@id":"https:\/\/additioapp.com\/ca\/treballar-amb-rubriques-a-classe\/","url":"https:\/\/additioapp.com\/ca\/treballar-amb-rubriques-a-classe\/","name":"Treballa amb r\u00fabriques a classe - Additio App","isPartOf":{"@id":"https:\/\/additioapp.com\/#website"},"primaryImageOfPage":{"@id":"https:\/\/additioapp.com\/ca\/treballar-amb-rubriques-a-classe\/#primaryimage"},"image":{"@id":"https:\/\/additioapp.com\/ca\/treballar-amb-rubriques-a-classe\/#primaryimage"},"thumbnailUrl":"https:\/\/additioapp.com\/wp-content\/uploads\/2022\/07\/rubrica-additio.jpg","datePublished":"2022-01-15T09:57:57+00:00","dateModified":"2022-08-02T06:32:54+00:00","breadcrumb":{"@id":"https:\/\/additioapp.com\/ca\/treballar-amb-rubriques-a-classe\/#breadcrumb"},"inLanguage":"ca","potentialAction":[{"@type":"ReadAction","target":["https:\/\/additioapp.com\/ca\/treballar-amb-rubriques-a-classe\/"]}]},{"@type":"ImageObject","inLanguage":"ca","@id":"https:\/\/additioapp.com\/ca\/treballar-amb-rubriques-a-classe\/#primaryimage","url":"https:\/\/additioapp.com\/wp-content\/uploads\/2022\/07\/rubrica-additio.jpg","contentUrl":"https:\/\/additioapp.com\/wp-content\/uploads\/2022\/07\/rubrica-additio.jpg","width":1120,"height":626},{"@type":"BreadcrumbList","@id":"https:\/\/additioapp.com\/ca\/treballar-amb-rubriques-a-classe\/#breadcrumb","itemListElement":[{"@type":"ListItem","position":1,"name":"Portada","item":"https:\/\/additioapp.com\/ca\/"},{"@type":"ListItem","position":2,"name":"Treballa amb r\u00fabriques a classe"}]},{"@type":"WebSite","@id":"https:\/\/additioapp.com\/#website","url":"https:\/\/additioapp.com\/","name":"Additio App","description":"Plataforma de gesti\u00f3 escolar de nova generaci\u00f3","publisher":{"@id":"https:\/\/additioapp.com\/#organization"},"potentialAction":[{"@type":"SearchAction","target":{"@type":"EntryPoint","urlTemplate":"https:\/\/additioapp.com\/?s={search_term_string}"},"query-input":{"@type":"PropertyValueSpecification","valueRequired":true,"valueName":"search_term_string"}}],"inLanguage":"ca"},{"@type":"Organization","@id":"https:\/\/additioapp.com\/#organization","name":"Additio App","url":"https:\/\/additioapp.com\/","logo":{"@type":"ImageObject","inLanguage":"ca","@id":"https:\/\/additioapp.com\/#\/schema\/logo\/image\/","url":"https:\/\/additioapp.com\/wp-content\/uploads\/2026\/03\/logo-web-by-seven.svg","contentUrl":"https:\/\/additioapp.com\/wp-content\/uploads\/2026\/03\/logo-web-by-seven.svg","caption":"Additio App"},"image":{"@id":"https:\/\/additioapp.com\/#\/schema\/logo\/image\/"}},{"@type":"Person","@id":"https:\/\/additioapp.com\/#\/schema\/person\/b98a5d7aca00a402cc1a040e69a0a738","name":"Francesc","image":{"@type":"ImageObject","inLanguage":"ca","@id":"https:\/\/additioapp.com\/#\/schema\/person\/image\/","url":"https:\/\/secure.gravatar.com\/avatar\/5e6cf43346f2e6e70f0f88846bd3ca89b547fde8fecf3bf2cda0d03365dcf70a?s=96&d=mm&r=g","contentUrl":"https:\/\/secure.gravatar.com\/avatar\/5e6cf43346f2e6e70f0f88846bd3ca89b547fde8fecf3bf2cda0d03365dcf70a?s=96&d=mm&r=g","caption":"Francesc"}}]}},"_links":{"self":[{"href":"https:\/\/additioapp.com\/ca\/wp-json\/wp\/v2\/posts\/16843","targetHints":{"allow":["GET"]}}],"collection":[{"href":"https:\/\/additioapp.com\/ca\/wp-json\/wp\/v2\/posts"}],"about":[{"href":"https:\/\/additioapp.com\/ca\/wp-json\/wp\/v2\/types\/post"}],"author":[{"embeddable":true,"href":"https:\/\/additioapp.com\/ca\/wp-json\/wp\/v2\/users\/2"}],"replies":[{"embeddable":true,"href":"https:\/\/additioapp.com\/ca\/wp-json\/wp\/v2\/comments?post=16843"}],"version-history":[{"count":2,"href":"https:\/\/additioapp.com\/ca\/wp-json\/wp\/v2\/posts\/16843\/revisions"}],"predecessor-version":[{"id":16849,"href":"https:\/\/additioapp.com\/ca\/wp-json\/wp\/v2\/posts\/16843\/revisions\/16849"}],"wp:featuredmedia":[{"embeddable":true,"href":"https:\/\/additioapp.com\/ca\/wp-json\/wp\/v2\/media\/696"}],"wp:attachment":[{"href":"https:\/\/additioapp.com\/ca\/wp-json\/wp\/v2\/media?parent=16843"}],"wp:term":[{"taxonomy":"category","embeddable":true,"href":"https:\/\/additioapp.com\/ca\/wp-json\/wp\/v2\/categories?post=16843"},{"taxonomy":"post_tag","embeddable":true,"href":"https:\/\/additioapp.com\/ca\/wp-json\/wp\/v2\/tags?post=16843"}],"curies":[{"name":"wp","href":"https:\/\/api.w.org\/{rel}","templated":true}]}}