{"id":16185,"date":"2021-03-03T11:24:59","date_gmt":"2021-03-03T11:24:59","guid":{"rendered":"https:\/\/additioapp.com\/huerto-escolar-herramienta-didactica\/"},"modified":"2022-08-01T10:42:05","modified_gmt":"2022-08-01T10:42:05","slug":"hort-escolar-eina-didactica","status":"publish","type":"post","link":"https:\/\/additioapp.com\/ca\/hort-escolar-eina-didactica\/","title":{"rendered":"Hort escolar com a eina did\u00e0ctica"},"content":{"rendered":"<h6><strong><b>Hort escolar per l&#8217;avaluaci\u00f3 competencial\u00a0<\/b><\/strong><\/h6>\n<p><span style=\"font-weight: 400;\">La construcci\u00f3 d&#8217;un hort escolar \u00e9s una iniciativa cada cop m\u00e9s utilitzada als centres educatius, i no \u00e9s per menys! Aquesta eina did\u00e0ctica permet <strong>posar en pr\u00e0ctica un gran\u00a0nombre de compet\u00e8ncies i disciplines<\/strong> al mateix temps.\u00a0\u00a0<\/span><\/p>\n<p><span style=\"font-weight: 400;\">Els nostres alumnes descobreixen el seu entorn a partir de l&#8217;\u00fas dels cinc sentits: oloren, toquen, observen, proven i escolten l&#8217;hort. L&#8217;experimentaci\u00f3 mitjan\u00e7ant els cinc sentits ajuda al nostre alumnat a aprendre amb molta m\u00e9s facilitat.\u00a0<\/span><\/p>\n<div class=\"thumbnail thumbnail-image\"><img loading=\"lazy\" decoding=\"async\" class=\"aligncenter size-full wp-image-16179\" src=\"https:\/\/additioapp.com\/wp-content\/uploads\/2021\/03\/Captura-de-pantalla-2021-03-03-a-las-11.14.00.png\" alt=\"\" width=\"752\" height=\"512\" srcset=\"https:\/\/additioapp.com\/wp-content\/uploads\/2021\/03\/Captura-de-pantalla-2021-03-03-a-las-11.14.00.png 752w, https:\/\/additioapp.com\/wp-content\/uploads\/2021\/03\/Captura-de-pantalla-2021-03-03-a-las-11.14.00-300x204.png 300w\" sizes=\"auto, (max-width: 752px) 100vw, 752px\" \/><\/div>\n<h6><\/h6>\n<h6><b style=\"font-size: 15.6px;\">Aprenentatge\u00a0transversal:<\/b><\/h6>\n<p><span style=\"font-weight: 400;\">Els <strong>horts escolars<\/strong> s\u00f3n una eina perfecta\u00a0d&#8217;aprenentatge transversal. Permeten treballar coneixements i habilitats de molts \u00e0mbits i involucrar valors als alumnes mentre gaudeixen.\u00a0<\/span><\/p>\n<p><span style=\"font-weight: 400;\">Un hort pot servir-nos com un\u00a0suport per l&#8217;estudi de les <strong>ci\u00e8ncies naturals<\/strong>, aprendre el cicle de vida dels vegetals, tipus de vegetals que plantem i molt m\u00e9s.<\/span><\/p>\n<p><span style=\"font-weight: 400;\">Tamb\u00e9 les <strong>matem\u00e0tiques<\/strong> poden ser un altre \u00e0mbit d&#8217;estudi a l&#8217;hort, poden servir-nos per repassar amb tots els alumnes; els m\u00e9s petits, per exemple, n\u00fameros i colors, o per aprendre els noms de les hortalisses amb<strong> altres idiomes<\/strong>. Pels m\u00e9s grans, l&#8217;hort \u00e9s una eina perfecta per treballar q\u00fcestions b\u00e0siques de <strong>geometria o economia<\/strong>.\u00a0<\/span><span style=\"font-weight: 400;\">\u00a0<\/span><\/p>\n<p><span style=\"font-weight: 400;\">A m\u00e9s, inculca valors com el <strong>reciclatge;<\/strong>\u00a0aprendre com utilitzar les restes org\u00e0niques del menjador de l&#8217;escola i les restes de les podes del jard\u00ed per elaborar abono o desenvolupar altres habilitats com el <strong>treball en equip;<\/strong>\u00a0seleccionar els cultius, planificar les activitats necess\u00e0ries per complir un objectiu i coordinar-se sobre el terreny per dur-les a terme.\u00a0<\/span><\/p>\n<p><span style=\"font-weight: 400;\">Tamb\u00e9 <strong>habilitats motrius<\/strong>; cultivar hortalisses requereix utilitzar les mans per remoure la terra, aix\u00ed com utilitzar instruments: des de les pales, les regadores o les taules de subjecci\u00f3 perqu\u00e8 la planta creixi recta.<\/span><\/p>\n<p><img loading=\"lazy\" decoding=\"async\" class=\"aligncenter size-full wp-image-16171\" src=\"https:\/\/additioapp.com\/wp-content\/uploads\/2021\/03\/Captura-de-pantalla-2021-03-03-a-las-11.16.06-1024x433-1.png\" alt=\"\" width=\"1024\" height=\"433\" srcset=\"https:\/\/additioapp.com\/wp-content\/uploads\/2021\/03\/Captura-de-pantalla-2021-03-03-a-las-11.16.06-1024x433-1.png 1024w, https:\/\/additioapp.com\/wp-content\/uploads\/2021\/03\/Captura-de-pantalla-2021-03-03-a-las-11.16.06-1024x433-1-300x127.png 300w, https:\/\/additioapp.com\/wp-content\/uploads\/2021\/03\/Captura-de-pantalla-2021-03-03-a-las-11.16.06-1024x433-1-768x325.png 768w\" sizes=\"auto, (max-width: 1024px) 100vw, 1024px\" \/><\/p>\n<h6><\/h6>\n<h6><b style=\"font-size: 15.6px;\">Treball competencial:\u00a0<\/b><\/h6>\n<p><span style=\"font-weight: 400;\">L&#8217;hort escolar pot ser beneficios per treballar totes les compet\u00e8ncies, mirem els exemples:\u00a0<\/span><\/p>\n<ul>\n<li style=\"font-weight: 400;\"><b>Compet\u00e8ncia matem\u00e0tica:<\/b><span style=\"font-weight: 400;\"> Per mitj\u00e0 del comptatge, les classificacions i la resoluci\u00f3 de petits problemes.<\/span><\/li>\n<li style=\"font-weight: 400;\"><b>Compet\u00e0ncia ling\u00fc\u00edstica:<\/b><span style=\"font-weight: 400;\"> S&#8217;utilitza el llenguatge a l&#8217;hora de fer els intercanvis. Per mitj\u00e0 de la interacci\u00f3, el di\u00e0leg, l&#8217;expressi\u00f3 d&#8217;idees, l&#8217;argumentaci\u00f3, la comparaci\u00f3, etc.<\/span><\/li>\n<li style=\"font-weight: 400;\"><strong>Coneixement i interacci\u00f3 amb el m\u00f3n f\u00edsic:<\/strong> \u00c9s present en tot moment, ja que interaccionen amb la resta dels seus companys. S&#8217;han realitzat activitats en el mitj\u00e0 que els envoltava, on han d&#8217;interactuar per a prendre decisions.<\/li>\n<li style=\"font-weight: 400;\"><strong>Informaci\u00f3 i compet\u00e8ncia digital:<\/strong> Poden opinar arribant a tenir una actitud cr\u00edtica i es poden utilitzar mitjans tecnol\u00f2gics com la pissarra digital o l&#8217;ordinador. Per mitj\u00e0 de la cerca, l&#8217;obtenci\u00f3, el processament i la comunicaci\u00f3 d&#8217;informaci\u00f3.<\/li>\n<li style=\"font-weight: 400;\"><strong>Compet\u00e8ncia social i ciutadana:<\/strong> S&#8217;augmentaran les habilitats per a comunicar-se en diferents contextos. En gaireb\u00e9 totes les tasques que s&#8217;han plantejat es treballa en equip per a realitzar observacions, hip\u00f2tesis, debats, prendre decisions, etc. Tamb\u00e9, s&#8217;inclou a la fam\u00edlia i a professionals perqu\u00e8 els nens vagin interaccionant i aprenent a conviure amb persones del seu entorn.<\/li>\n<li style=\"font-weight: 400;\"><strong>Compet\u00e8ncia cultural i art\u00edstica:<\/strong> Es poden realitzar cartells per a col\u00b7locar-los per la \u201cbotiga\u201d i con\u00e8ixer elements comestibles t\u00edpics. Es creen registres per mitj\u00e0 de dibuixos i altres t\u00e8cniques i, es plantegen activitats per a con\u00e8ixer el seu entorn i els productes t\u00edpics.<\/li>\n<li style=\"font-weight: 400;\"><strong>Compet\u00e8ncia d&#8217;Aprendre a aprendre:<\/strong> Es treballen capacitats com l&#8217;atenci\u00f3, la concentraci\u00f3, l&#8217;expressi\u00f3 art\u00edstica, etc. Conforme vagin realitzant les activitats aniran construint els seus propis esquemes mentals, cada vegada de manera m\u00e9s efica\u00e7 i aut\u00f2noma.<\/li>\n<li style=\"font-weight: 400;\"><strong>Autonomia i iniciativa personal:<\/strong> Es poden practicar habilitats per al di\u00e0leg i la conviv\u00e8ncia en la vida quotidiana. A poc a poc aniran desenvolupant confian\u00e7a en si mateixos i el sentit cr\u00edtic.<\/li>\n<\/ul>\n<p><img loading=\"lazy\" decoding=\"async\" class=\"aligncenter size-full wp-image-16175\" src=\"https:\/\/additioapp.com\/wp-content\/uploads\/2021\/03\/Captura-de-pantalla-2021-03-03-a-las-11.12.11-1024x444-1.png\" alt=\"\" width=\"1024\" height=\"444\" srcset=\"https:\/\/additioapp.com\/wp-content\/uploads\/2021\/03\/Captura-de-pantalla-2021-03-03-a-las-11.12.11-1024x444-1.png 1024w, https:\/\/additioapp.com\/wp-content\/uploads\/2021\/03\/Captura-de-pantalla-2021-03-03-a-las-11.12.11-1024x444-1-300x130.png 300w, https:\/\/additioapp.com\/wp-content\/uploads\/2021\/03\/Captura-de-pantalla-2021-03-03-a-las-11.12.11-1024x444-1-768x333.png 768w\" sizes=\"auto, (max-width: 1024px) 100vw, 1024px\" \/><\/p>\n<h6><\/h6>\n<h6><b style=\"font-size: 15.6px;\">Coneixements que podem aconseguir:\u00a0<\/b><\/h6>\n<p>Enumerem alguns dels coneixements que podem aconseguir que els alumnes adquireixin amb l&#8217;hort escolar:Conciencia ambiental con el cuidado y respeto del entorno natural<\/p>\n<ul>\n<li>Consci\u00e8ncia ambiental amb la cura i respecte de l&#8217;entorn natural<\/li>\n<li>Experimentar i aprendre de l&#8217;entorn natural i social.<\/li>\n<li>Inculcar els valors de l&#8217;agricultura ecol\u00f2gica per a obtenir aliments.<\/li>\n<li>Fomentar el consum de verdures i fruites i afavorir l&#8217;alimentaci\u00f3 saludable i equilibrada.<\/li>\n<li>Afavorir la iniciativa a trav\u00e9s de la planificaci\u00f3 i organitzaci\u00f3 de les tasques de l&#8217;hort.<\/li>\n<li>Promoure l&#8217;\u00fas responsable dels recursos naturals.<\/li>\n<li>Fomentar actituds cooperatives compartint i organitzant el treball a realitzar.<\/li>\n<li>Impulsar valors com la paci\u00e8ncia, la responsabilitat, el comprom\u00eds, l&#8217;autonomia<\/li>\n<li>Connectar l&#8217;escola amb el m\u00f3n<\/li>\n<li>Fomentar la participaci\u00f3 de les fam\u00edlies.<\/li>\n<li>Abordar el curr\u00edculum de manera pr\u00e0ctica i vivencial<\/li>\n<\/ul>\n<p>&nbsp;<\/p>\n<p><img loading=\"lazy\" decoding=\"async\" class=\"aligncenter size-large wp-image-16163\" src=\"https:\/\/additioapp.com\/wp-content\/uploads\/2021\/03\/huerto-escolar-1024x572.jpg\" alt=\"\" width=\"640\" height=\"358\" srcset=\"https:\/\/additioapp.com\/wp-content\/uploads\/2021\/03\/huerto-escolar-1024x572.jpg 1024w, https:\/\/additioapp.com\/wp-content\/uploads\/2021\/03\/huerto-escolar-300x168.jpg 300w, https:\/\/additioapp.com\/wp-content\/uploads\/2021\/03\/huerto-escolar-768x429.jpg 768w, https:\/\/additioapp.com\/wp-content\/uploads\/2021\/03\/huerto-escolar.jpg 1120w\" sizes=\"auto, (max-width: 640px) 100vw, 640px\" \/><\/p>\n","protected":false},"excerpt":{"rendered":"<p>Hort escolar per l&#8217;avaluaci\u00f3 competencial\u00a0 La construcci\u00f3 d&#8217;un hort escolar \u00e9s una iniciativa cada cop m\u00e9s utilitzada als centres educatius, i no \u00e9s per menys! Aquesta eina did\u00e0ctica permet posar en pr\u00e0ctica un gran\u00a0nombre de compet\u00e8ncies i disciplines al mateix temps.\u00a0\u00a0 Els nostres alumnes descobreixen el seu entorn a partir de l&#8217;\u00fas dels cinc sentits: [&hellip;]<\/p>\n","protected":false},"author":2,"featured_media":16164,"comment_status":"closed","ping_status":"open","sticky":false,"template":"","format":"standard","meta":{"_acf_changed":false,"inline_featured_image":false,"footnotes":""},"categories":[186],"tags":[],"class_list":["post-16185","post","type-post","status-publish","format-standard","has-post-thumbnail","hentry","category-idees"],"acf":[],"yoast_head":"<!-- This site is optimized with the Yoast SEO plugin v26.1.1 - https:\/\/yoast.com\/wordpress\/plugins\/seo\/ -->\n<title>Hort escolar com a eina did\u00e0ctica - Additio App<\/title>\n<meta name=\"robots\" content=\"index, follow, max-snippet:-1, max-image-preview:large, max-video-preview:-1\" \/>\n<link rel=\"canonical\" href=\"https:\/\/additioapp.com\/ca\/hort-escolar-eina-didactica\/\" \/>\n<meta property=\"og:locale\" content=\"ca_ES\" \/>\n<meta property=\"og:type\" content=\"article\" \/>\n<meta property=\"og:title\" content=\"Hort escolar com a eina did\u00e0ctica - Additio App\" \/>\n<meta property=\"og:description\" content=\"Hort escolar per l&#8217;avaluaci\u00f3 competencial\u00a0 La construcci\u00f3 d&#8217;un hort escolar \u00e9s una iniciativa cada cop m\u00e9s utilitzada als centres educatius, i no \u00e9s per menys! Aquesta eina did\u00e0ctica permet posar en pr\u00e0ctica un gran\u00a0nombre de compet\u00e8ncies i disciplines al mateix temps.\u00a0\u00a0 Els nostres alumnes descobreixen el seu entorn a partir de l&#8217;\u00fas dels cinc sentits: [&hellip;]\" \/>\n<meta property=\"og:url\" content=\"https:\/\/additioapp.com\/ca\/hort-escolar-eina-didactica\/\" \/>\n<meta property=\"og:site_name\" content=\"Additio App\" \/>\n<meta property=\"article:published_time\" content=\"2021-03-03T11:24:59+00:00\" \/>\n<meta property=\"article:modified_time\" content=\"2022-08-01T10:42:05+00:00\" \/>\n<meta property=\"og:image\" content=\"https:\/\/i0.wp.com\/additioapp.com\/wp-content\/uploads\/2021\/03\/huerto-escolar.jpg?fit=1120%2C626&ssl=1\" \/>\n\t<meta property=\"og:image:width\" content=\"1120\" \/>\n\t<meta property=\"og:image:height\" content=\"626\" \/>\n\t<meta property=\"og:image:type\" content=\"image\/jpeg\" \/>\n<meta name=\"author\" content=\"Francesc\" \/>\n<meta name=\"twitter:card\" content=\"summary_large_image\" \/>\n<meta name=\"twitter:label1\" content=\"Escrit per\" \/>\n\t<meta name=\"twitter:data1\" content=\"Francesc\" \/>\n\t<meta name=\"twitter:label2\" content=\"Temps estimat de lectura\" \/>\n\t<meta name=\"twitter:data2\" content=\"4 minuts\" \/>\n<script type=\"application\/ld+json\" class=\"yoast-schema-graph\">{\"@context\":\"https:\/\/schema.org\",\"@graph\":[{\"@type\":\"Article\",\"@id\":\"https:\/\/additioapp.com\/ca\/hort-escolar-eina-didactica\/#article\",\"isPartOf\":{\"@id\":\"https:\/\/additioapp.com\/ca\/hort-escolar-eina-didactica\/\"},\"author\":{\"name\":\"Francesc\",\"@id\":\"https:\/\/additioapp.com\/#\/schema\/person\/b98a5d7aca00a402cc1a040e69a0a738\"},\"headline\":\"Hort escolar com a eina did\u00e0ctica\",\"datePublished\":\"2021-03-03T11:24:59+00:00\",\"dateModified\":\"2022-08-01T10:42:05+00:00\",\"mainEntityOfPage\":{\"@id\":\"https:\/\/additioapp.com\/ca\/hort-escolar-eina-didactica\/\"},\"wordCount\":798,\"publisher\":{\"@id\":\"https:\/\/additioapp.com\/#organization\"},\"image\":{\"@id\":\"https:\/\/additioapp.com\/ca\/hort-escolar-eina-didactica\/#primaryimage\"},\"thumbnailUrl\":\"https:\/\/additioapp.com\/wp-content\/uploads\/2021\/03\/huerto-escolar.jpg\",\"articleSection\":[\"Idees\"],\"inLanguage\":\"ca\"},{\"@type\":\"WebPage\",\"@id\":\"https:\/\/additioapp.com\/ca\/hort-escolar-eina-didactica\/\",\"url\":\"https:\/\/additioapp.com\/ca\/hort-escolar-eina-didactica\/\",\"name\":\"Hort escolar com a eina did\u00e0ctica - Additio App\",\"isPartOf\":{\"@id\":\"https:\/\/additioapp.com\/#website\"},\"primaryImageOfPage\":{\"@id\":\"https:\/\/additioapp.com\/ca\/hort-escolar-eina-didactica\/#primaryimage\"},\"image\":{\"@id\":\"https:\/\/additioapp.com\/ca\/hort-escolar-eina-didactica\/#primaryimage\"},\"thumbnailUrl\":\"https:\/\/additioapp.com\/wp-content\/uploads\/2021\/03\/huerto-escolar.jpg\",\"datePublished\":\"2021-03-03T11:24:59+00:00\",\"dateModified\":\"2022-08-01T10:42:05+00:00\",\"breadcrumb\":{\"@id\":\"https:\/\/additioapp.com\/ca\/hort-escolar-eina-didactica\/#breadcrumb\"},\"inLanguage\":\"ca\",\"potentialAction\":[{\"@type\":\"ReadAction\",\"target\":[\"https:\/\/additioapp.com\/ca\/hort-escolar-eina-didactica\/\"]}]},{\"@type\":\"ImageObject\",\"inLanguage\":\"ca\",\"@id\":\"https:\/\/additioapp.com\/ca\/hort-escolar-eina-didactica\/#primaryimage\",\"url\":\"https:\/\/additioapp.com\/wp-content\/uploads\/2021\/03\/huerto-escolar.jpg\",\"contentUrl\":\"https:\/\/additioapp.com\/wp-content\/uploads\/2021\/03\/huerto-escolar.jpg\",\"width\":1120,\"height\":626},{\"@type\":\"BreadcrumbList\",\"@id\":\"https:\/\/additioapp.com\/ca\/hort-escolar-eina-didactica\/#breadcrumb\",\"itemListElement\":[{\"@type\":\"ListItem\",\"position\":1,\"name\":\"Portada\",\"item\":\"https:\/\/additioapp.com\/ca\/\"},{\"@type\":\"ListItem\",\"position\":2,\"name\":\"Hort escolar com a eina did\u00e0ctica\"}]},{\"@type\":\"WebSite\",\"@id\":\"https:\/\/additioapp.com\/#website\",\"url\":\"https:\/\/additioapp.com\/\",\"name\":\"Additio App\",\"description\":\"Plataforma de gesti\u00f3 escolar de nova generaci\u00f3\",\"publisher\":{\"@id\":\"https:\/\/additioapp.com\/#organization\"},\"potentialAction\":[{\"@type\":\"SearchAction\",\"target\":{\"@type\":\"EntryPoint\",\"urlTemplate\":\"https:\/\/additioapp.com\/?s={search_term_string}\"},\"query-input\":{\"@type\":\"PropertyValueSpecification\",\"valueRequired\":true,\"valueName\":\"search_term_string\"}}],\"inLanguage\":\"ca\"},{\"@type\":\"Organization\",\"@id\":\"https:\/\/additioapp.com\/#organization\",\"name\":\"Additio App\",\"url\":\"https:\/\/additioapp.com\/\",\"logo\":{\"@type\":\"ImageObject\",\"inLanguage\":\"ca\",\"@id\":\"https:\/\/additioapp.com\/#\/schema\/logo\/image\/\",\"url\":\"https:\/\/additioapp.com\/wp-content\/uploads\/2026\/03\/logo-web-by-seven.svg\",\"contentUrl\":\"https:\/\/additioapp.com\/wp-content\/uploads\/2026\/03\/logo-web-by-seven.svg\",\"caption\":\"Additio App\"},\"image\":{\"@id\":\"https:\/\/additioapp.com\/#\/schema\/logo\/image\/\"}},{\"@type\":\"Person\",\"@id\":\"https:\/\/additioapp.com\/#\/schema\/person\/b98a5d7aca00a402cc1a040e69a0a738\",\"name\":\"Francesc\",\"image\":{\"@type\":\"ImageObject\",\"inLanguage\":\"ca\",\"@id\":\"https:\/\/additioapp.com\/#\/schema\/person\/image\/\",\"url\":\"https:\/\/secure.gravatar.com\/avatar\/5e6cf43346f2e6e70f0f88846bd3ca89b547fde8fecf3bf2cda0d03365dcf70a?s=96&d=mm&r=g\",\"contentUrl\":\"https:\/\/secure.gravatar.com\/avatar\/5e6cf43346f2e6e70f0f88846bd3ca89b547fde8fecf3bf2cda0d03365dcf70a?s=96&d=mm&r=g\",\"caption\":\"Francesc\"}}]}<\/script>\n<!-- \/ Yoast SEO plugin. -->","yoast_head_json":{"title":"Hort escolar com a eina did\u00e0ctica - Additio App","robots":{"index":"index","follow":"follow","max-snippet":"max-snippet:-1","max-image-preview":"max-image-preview:large","max-video-preview":"max-video-preview:-1"},"canonical":"https:\/\/additioapp.com\/ca\/hort-escolar-eina-didactica\/","og_locale":"ca_ES","og_type":"article","og_title":"Hort escolar com a eina did\u00e0ctica - Additio App","og_description":"Hort escolar per l&#8217;avaluaci\u00f3 competencial\u00a0 La construcci\u00f3 d&#8217;un hort escolar \u00e9s una iniciativa cada cop m\u00e9s utilitzada als centres educatius, i no \u00e9s per menys! Aquesta eina did\u00e0ctica permet posar en pr\u00e0ctica un gran\u00a0nombre de compet\u00e8ncies i disciplines al mateix temps.\u00a0\u00a0 Els nostres alumnes descobreixen el seu entorn a partir de l&#8217;\u00fas dels cinc sentits: [&hellip;]","og_url":"https:\/\/additioapp.com\/ca\/hort-escolar-eina-didactica\/","og_site_name":"Additio App","article_published_time":"2021-03-03T11:24:59+00:00","article_modified_time":"2022-08-01T10:42:05+00:00","og_image":[{"width":1120,"height":626,"url":"https:\/\/i0.wp.com\/additioapp.com\/wp-content\/uploads\/2021\/03\/huerto-escolar.jpg?fit=1120%2C626&ssl=1","type":"image\/jpeg"}],"author":"Francesc","twitter_card":"summary_large_image","twitter_misc":{"Escrit per":"Francesc","Temps estimat de lectura":"4 minuts"},"schema":{"@context":"https:\/\/schema.org","@graph":[{"@type":"Article","@id":"https:\/\/additioapp.com\/ca\/hort-escolar-eina-didactica\/#article","isPartOf":{"@id":"https:\/\/additioapp.com\/ca\/hort-escolar-eina-didactica\/"},"author":{"name":"Francesc","@id":"https:\/\/additioapp.com\/#\/schema\/person\/b98a5d7aca00a402cc1a040e69a0a738"},"headline":"Hort escolar com a eina did\u00e0ctica","datePublished":"2021-03-03T11:24:59+00:00","dateModified":"2022-08-01T10:42:05+00:00","mainEntityOfPage":{"@id":"https:\/\/additioapp.com\/ca\/hort-escolar-eina-didactica\/"},"wordCount":798,"publisher":{"@id":"https:\/\/additioapp.com\/#organization"},"image":{"@id":"https:\/\/additioapp.com\/ca\/hort-escolar-eina-didactica\/#primaryimage"},"thumbnailUrl":"https:\/\/additioapp.com\/wp-content\/uploads\/2021\/03\/huerto-escolar.jpg","articleSection":["Idees"],"inLanguage":"ca"},{"@type":"WebPage","@id":"https:\/\/additioapp.com\/ca\/hort-escolar-eina-didactica\/","url":"https:\/\/additioapp.com\/ca\/hort-escolar-eina-didactica\/","name":"Hort escolar com a eina did\u00e0ctica - Additio App","isPartOf":{"@id":"https:\/\/additioapp.com\/#website"},"primaryImageOfPage":{"@id":"https:\/\/additioapp.com\/ca\/hort-escolar-eina-didactica\/#primaryimage"},"image":{"@id":"https:\/\/additioapp.com\/ca\/hort-escolar-eina-didactica\/#primaryimage"},"thumbnailUrl":"https:\/\/additioapp.com\/wp-content\/uploads\/2021\/03\/huerto-escolar.jpg","datePublished":"2021-03-03T11:24:59+00:00","dateModified":"2022-08-01T10:42:05+00:00","breadcrumb":{"@id":"https:\/\/additioapp.com\/ca\/hort-escolar-eina-didactica\/#breadcrumb"},"inLanguage":"ca","potentialAction":[{"@type":"ReadAction","target":["https:\/\/additioapp.com\/ca\/hort-escolar-eina-didactica\/"]}]},{"@type":"ImageObject","inLanguage":"ca","@id":"https:\/\/additioapp.com\/ca\/hort-escolar-eina-didactica\/#primaryimage","url":"https:\/\/additioapp.com\/wp-content\/uploads\/2021\/03\/huerto-escolar.jpg","contentUrl":"https:\/\/additioapp.com\/wp-content\/uploads\/2021\/03\/huerto-escolar.jpg","width":1120,"height":626},{"@type":"BreadcrumbList","@id":"https:\/\/additioapp.com\/ca\/hort-escolar-eina-didactica\/#breadcrumb","itemListElement":[{"@type":"ListItem","position":1,"name":"Portada","item":"https:\/\/additioapp.com\/ca\/"},{"@type":"ListItem","position":2,"name":"Hort escolar com a eina did\u00e0ctica"}]},{"@type":"WebSite","@id":"https:\/\/additioapp.com\/#website","url":"https:\/\/additioapp.com\/","name":"Additio App","description":"Plataforma de gesti\u00f3 escolar de nova generaci\u00f3","publisher":{"@id":"https:\/\/additioapp.com\/#organization"},"potentialAction":[{"@type":"SearchAction","target":{"@type":"EntryPoint","urlTemplate":"https:\/\/additioapp.com\/?s={search_term_string}"},"query-input":{"@type":"PropertyValueSpecification","valueRequired":true,"valueName":"search_term_string"}}],"inLanguage":"ca"},{"@type":"Organization","@id":"https:\/\/additioapp.com\/#organization","name":"Additio App","url":"https:\/\/additioapp.com\/","logo":{"@type":"ImageObject","inLanguage":"ca","@id":"https:\/\/additioapp.com\/#\/schema\/logo\/image\/","url":"https:\/\/additioapp.com\/wp-content\/uploads\/2026\/03\/logo-web-by-seven.svg","contentUrl":"https:\/\/additioapp.com\/wp-content\/uploads\/2026\/03\/logo-web-by-seven.svg","caption":"Additio App"},"image":{"@id":"https:\/\/additioapp.com\/#\/schema\/logo\/image\/"}},{"@type":"Person","@id":"https:\/\/additioapp.com\/#\/schema\/person\/b98a5d7aca00a402cc1a040e69a0a738","name":"Francesc","image":{"@type":"ImageObject","inLanguage":"ca","@id":"https:\/\/additioapp.com\/#\/schema\/person\/image\/","url":"https:\/\/secure.gravatar.com\/avatar\/5e6cf43346f2e6e70f0f88846bd3ca89b547fde8fecf3bf2cda0d03365dcf70a?s=96&d=mm&r=g","contentUrl":"https:\/\/secure.gravatar.com\/avatar\/5e6cf43346f2e6e70f0f88846bd3ca89b547fde8fecf3bf2cda0d03365dcf70a?s=96&d=mm&r=g","caption":"Francesc"}}]}},"_links":{"self":[{"href":"https:\/\/additioapp.com\/ca\/wp-json\/wp\/v2\/posts\/16185","targetHints":{"allow":["GET"]}}],"collection":[{"href":"https:\/\/additioapp.com\/ca\/wp-json\/wp\/v2\/posts"}],"about":[{"href":"https:\/\/additioapp.com\/ca\/wp-json\/wp\/v2\/types\/post"}],"author":[{"embeddable":true,"href":"https:\/\/additioapp.com\/ca\/wp-json\/wp\/v2\/users\/2"}],"replies":[{"embeddable":true,"href":"https:\/\/additioapp.com\/ca\/wp-json\/wp\/v2\/comments?post=16185"}],"version-history":[{"count":1,"href":"https:\/\/additioapp.com\/ca\/wp-json\/wp\/v2\/posts\/16185\/revisions"}],"predecessor-version":[{"id":16186,"href":"https:\/\/additioapp.com\/ca\/wp-json\/wp\/v2\/posts\/16185\/revisions\/16186"}],"wp:featuredmedia":[{"embeddable":true,"href":"https:\/\/additioapp.com\/ca\/wp-json\/wp\/v2\/media\/16164"}],"wp:attachment":[{"href":"https:\/\/additioapp.com\/ca\/wp-json\/wp\/v2\/media?parent=16185"}],"wp:term":[{"taxonomy":"category","embeddable":true,"href":"https:\/\/additioapp.com\/ca\/wp-json\/wp\/v2\/categories?post=16185"},{"taxonomy":"post_tag","embeddable":true,"href":"https:\/\/additioapp.com\/ca\/wp-json\/wp\/v2\/tags?post=16185"}],"curies":[{"name":"wp","href":"https:\/\/api.w.org\/{rel}","templated":true}]}}